{"id":3051,"date":"2025-05-30T12:52:34","date_gmt":"2025-05-30T12:52:34","guid":{"rendered":"https:\/\/lebensgarten.at\/?p=3051"},"modified":"2025-05-30T16:13:04","modified_gmt":"2025-05-30T16:13:04","slug":"london-chelsea-flower-show-2025","status":"publish","type":"post","link":"https:\/\/lebensgarten.at\/?p=3051","title":{"rendered":"London: Chelsea Flower Show 2025"},"content":{"rendered":"<p>[et_pb_section fb_built=&#8220;1&#8243; _builder_version=&#8220;4.27.0&#8243; _module_preset=&#8220;default&#8220; global_colors_info=&#8220;{}&#8220; theme_builder_area=&#8220;post_content&#8220;][\/et_pb_section][et_pb_section fb_built=&#8220;1&#8243; _builder_version=&#8220;4.23.1&#8243; _module_preset=&#8220;default&#8220; global_colors_info=&#8220;{}&#8220; theme_builder_area=&#8220;post_content&#8220;][\/et_pb_section][et_pb_section fb_built=&#8220;1&#8243; _builder_version=&#8220;4.23.1&#8243; _module_preset=&#8220;default&#8220; global_colors_info=&#8220;{}&#8220; theme_builder_area=&#8220;post_content&#8220;][\/et_pb_section][et_pb_section fb_built=&#8220;1&#8243; _builder_version=&#8220;4.16&#8243; _module_preset=&#8220;default&#8220; global_colors_info=&#8220;{}&#8220; theme_builder_area=&#8220;post_content&#8220;][et_pb_row _builder_version=&#8220;4.16&#8243; _module_preset=&#8220;default&#8220; global_colors_info=&#8220;{}&#8220; theme_builder_area=&#8220;post_content&#8220;][et_pb_column type=&#8220;4_4&#8243; _builder_version=&#8220;4.16&#8243; _module_preset=&#8220;default&#8220; global_colors_info=&#8220;{}&#8220; theme_builder_area=&#8220;post_content&#8220;][et_pb_text _builder_version=&#8220;4.16&#8243; _module_preset=&#8220;default&#8220; global_colors_info=&#8220;{}&#8220; theme_builder_area=&#8220;post_content&#8220;]<\/p>\n<div class=\"et_pb_module et_pb_text et_pb_text_2  et_pb_text_align_left et_pb_bg_layout_light\">\n<div class=\"et_pb_text_inner\">\n<p>Die gr\u00f6\u00dfte Blumenschau der Welt, die <strong>Chelsea Flower Show<\/strong>, die heuer vom 20. bis 24. Mai wieder in London stattfand, zog auch dieses Jahr wieder mehr als 150.000 Garten- und Blumenfans in ihren Bann. Diese internationale Gartenausstellung, die auch die Royals regelm\u00e4\u00dfig besuchen, ist eine wichtige Veranstaltung f\u00fcr alle GartenbesitzerInnen und Pflanzenfreunde, aber auch f\u00fcr professionelle G\u00e4rtner aus dem In- und Ausland. Blumenliebhaber k\u00f6nnen sich einfach an der prachtvollen Vielfalt erfreuen, Profis k\u00f6nnen sich kreative Tipps holen und \u00fcber kommende Gartentrends informieren.<\/p>\n<\/div>\n<\/div>\n<p>[\/et_pb_text][et_pb_image src=&#8220;https:\/\/lebensgarten.at\/wp-content\/uploads\/2025\/05\/IMG_2332-Begonien-und-Delphinum.png&#8220; title_text=&#8220;Begonien und Delphinum&#8220; _builder_version=&#8220;4.27.0&#8243; _module_preset=&#8220;default&#8220; width=&#8220;100%&#8220; custom_margin=&#8220;||9px|||&#8220; global_colors_info=&#8220;{}&#8220; theme_builder_area=&#8220;post_content&#8220;][\/et_pb_image][\/et_pb_column][\/et_pb_row][et_pb_row _builder_version=&#8220;4.16&#8243; _module_preset=&#8220;default&#8220; global_colors_info=&#8220;{}&#8220; theme_builder_area=&#8220;post_content&#8220;][et_pb_column type=&#8220;4_4&#8243; _builder_version=&#8220;4.16&#8243; _module_preset=&#8220;default&#8220; global_colors_info=&#8220;{}&#8220; theme_builder_area=&#8220;post_content&#8220;][et_pb_text _builder_version=&#8220;4.16&#8243; _module_preset=&#8220;default&#8220; global_colors_info=&#8220;{}&#8220; theme_builder_area=&#8220;post_content&#8220;]<\/p>\n<p>Die Vielfalt der gezeigten Pflanzen reicht von m\u00e4rchenhaften Begonien (Bild oben im Vordergrund) und m\u00e4chtigem Delphinum (Bild oben im Hintergrund) bis zu Wildpflanzen, die diesmal eines der Hauptthemen darstellten (Bilder unten).<\/p>\n<p>[\/et_pb_text][et_pb_image src=&#8220;https:\/\/lebensgarten.at\/wp-content\/uploads\/2025\/05\/IMG_2416-Wilfpflanzen-Wildblumen.png&#8220; title_text=&#8220;Wildpflanzen-Wildblumen&#8220; _builder_version=&#8220;4.27.0&#8243; _module_preset=&#8220;default&#8220; width=&#8220;100%&#8220; min_height=&#8220;367px&#8220; custom_margin=&#8220;||9px|||&#8220; global_colors_info=&#8220;{}&#8220; theme_builder_area=&#8220;post_content&#8220;][\/et_pb_image][et_pb_text _builder_version=&#8220;4.27.0&#8243; _module_preset=&#8220;default&#8220; min_height=&#8220;7px&#8220; custom_padding=&#8220;||0px|||&#8220; global_colors_info=&#8220;{}&#8220; theme_builder_area=&#8220;post_content&#8220;][\/et_pb_text][et_pb_image src=&#8220;https:\/\/lebensgarten.at\/wp-content\/uploads\/2025\/05\/IMG_2417-Wildpflanzen-Wildblumen.png&#8220; title_text=&#8220;Wildpflanzen-Wildblumen&#8220; _builder_version=&#8220;4.27.0&#8243; _module_preset=&#8220;default&#8220; width=&#8220;100%&#8220; custom_margin=&#8220;||57px|||&#8220; global_colors_info=&#8220;{}&#8220; theme_builder_area=&#8220;post_content&#8220;][\/et_pb_image][et_pb_text _builder_version=&#8220;4.27.0&#8243; _module_preset=&#8220;default&#8220; custom_margin=&#8220;||9px|||&#8220; global_colors_info=&#8220;{}&#8220; theme_builder_area=&#8220;post_content&#8220;]<\/p>\n<h2><span style=\"color: #008000;\">Vom K\u00fcchengarten bis zur Pilzplantage<br \/><\/span><\/h2>\n<p>[\/et_pb_text][et_pb_text _builder_version=&#8220;4.16&#8243; _module_preset=&#8220;default&#8220; global_colors_info=&#8220;{}&#8220; theme_builder_area=&#8220;post_content&#8220;]<\/p>\n<p>\u201aNatur pur\u2019 war auch in Hinblick auf den Selbstversorgergedanken ein wichtiges Thema: Biokr\u00e4uter aus dem eigenen Garten sind mehr denn je gefragt \u2013 man will schlie\u00dflich wissen, was auf dem Teller liegt, und davon soll es beste Qualit\u00e4t sein.<\/p>\n<p>[\/et_pb_text][et_pb_image src=&#8220;https:\/\/lebensgarten.at\/wp-content\/uploads\/2025\/05\/IMG_2355-Kuechengarten-Eingang.png&#8220; title_text=&#8220;K\u00fcchengarten-Eingang&#8220; _builder_version=&#8220;4.27.0&#8243; _module_preset=&#8220;default&#8220; width=&#8220;100%&#8220; custom_margin=&#8220;||9px|||&#8220; global_colors_info=&#8220;{}&#8220; theme_builder_area=&#8220;post_content&#8220;][\/et_pb_image][et_pb_text _builder_version=&#8220;4.16&#8243; _module_preset=&#8220;default&#8220; custom_padding=&#8220;20px|||||&#8220; global_colors_info=&#8220;{}&#8220; theme_builder_area=&#8220;post_content&#8220;]<\/p>\n<p>Der Eintritt in den K\u00fcchengarten ist \u00fcbersichtlich und aufger\u00e4umt, die Kr\u00e4uter k\u00f6nnen aber auch ein buntes Feld bilden, das nicht nur mit bunten Bl\u00fcten das Auge, sondern durch seinen bet\u00f6renden Duft auch die Nase erfreut, wie das Beet mit den verschiedenen Salbeiarten im Bild unten.<\/p>\n<p>[\/et_pb_text][et_pb_image src=&#8220;https:\/\/lebensgarten.at\/wp-content\/uploads\/2025\/05\/IMG_2382-Salbei-Uebersicht.png&#8220; title_text=&#8220;Salbei \u00dcbersicht&#8220; _builder_version=&#8220;4.27.0&#8243; _module_preset=&#8220;default&#8220; width=&#8220;100%&#8220; custom_margin=&#8220;||9px|||&#8220; global_colors_info=&#8220;{}&#8220; theme_builder_area=&#8220;post_content&#8220;][\/et_pb_image][et_pb_text _builder_version=&#8220;4.16&#8243; _module_preset=&#8220;default&#8220; global_colors_info=&#8220;{}&#8220; theme_builder_area=&#8220;post_content&#8220;]<\/p>\n<p>&nbsp;<\/p>\n<p>Und am \u201aGem\u00fcseregenbogen\u2019 (Bild unten), der die pr\u00e4chtigsten Gem\u00fcse aller Arten pr\u00e4sentierte, konnte man sich kaum satt sehen: So machen gesunde Vitamine auch f\u00fcrs Auge Spa\u00df!<\/p>\n<p>[\/et_pb_text][et_pb_image src=&#8220;https:\/\/lebensgarten.at\/wp-content\/uploads\/2025\/05\/IMG_2422-Gemueseregenbogen.png&#8220; title_text=&#8220;Gem\u00fcseregenbogen&#8220; _builder_version=&#8220;4.27.0&#8243; _module_preset=&#8220;default&#8220; width=&#8220;100%&#8220; min_height=&#8220;398px&#8220; custom_margin=&#8220;||25px|||&#8220; custom_padding=&#8220;||21px|||&#8220; global_colors_info=&#8220;{}&#8220; theme_builder_area=&#8220;post_content&#8220;][\/et_pb_image][et_pb_text _builder_version=&#8220;4.27.0&#8243; _module_preset=&#8220;default&#8220; min_height=&#8220;35px&#8220; custom_margin=&#8220;||18px|||&#8220; global_colors_info=&#8220;{}&#8220; theme_builder_area=&#8220;post_content&#8220;]<\/p>\n<h2><span style=\"color: #008000;\">,Pilzsuche\u2019 im eigenen Garten oder auf dem Balkon<br \/><\/span><\/h2>\n<p><span style=\"color: #008000;\"><\/span><\/p>\n<p>[\/et_pb_text][et_pb_text _builder_version=&#8220;4.16&#8243; _module_preset=&#8220;default&#8220; min_height=&#8220;117px&#8220; global_colors_info=&#8220;{}&#8220; theme_builder_area=&#8220;post_content&#8220;]<\/p>\n<p>Passionierte Schwammerlsucher werden vielleicht die Nase r\u00fcmpfen, weil ihr Jagdinstinkt nicht befriedigt wird, aber es ist durchaus m\u00f6glich, auf eigenem Grund und Boden eine Vielfalt von essbaren Pilzen zu z\u00fcchten \u2013 die ,Zuchtboxen\u2019 mit genauen Anleitungen werden ins Haus geliefert.<\/p>\n<p>[\/et_pb_text][et_pb_image src=&#8220;https:\/\/lebensgarten.at\/wp-content\/uploads\/2025\/05\/IMG_2393-Reishi.png&#8220; title_text=&#8220;Pilze im eigenen Garten&#8220; _builder_version=&#8220;4.27.0&#8243; _module_preset=&#8220;default&#8220; width=&#8220;100%&#8220; min_height=&#8220;405px&#8220; custom_margin=&#8220;||9px|||&#8220; custom_padding=&#8220;||21px|||&#8220; global_colors_info=&#8220;{}&#8220; theme_builder_area=&#8220;post_content&#8220;][\/et_pb_image][et_pb_text _builder_version=&#8220;4.16&#8243; _module_preset=&#8220;default&#8220; global_colors_info=&#8220;{}&#8220; theme_builder_area=&#8220;post_content&#8220;]<\/p>\n<p>Und die Pilze sehen durchaus dekorativ aus, wie zum Beispiel der bekannte Heilpilz <strong>Reishi<\/strong>, der auch ,Pilz des ewigen Lebens\u2019 genannt wird, weil er angeblich das Herz st\u00e4rkt (Bild oben in der Mitte), oder der Vitalpilz <strong>Shiitake<\/strong> (Bild unten), den es auch bereits im Supermarkt gibt. Selbst gezogen und selbst geerntet schmeckt und wirkt er vielleicht aber besser \u2026<\/p>\n<p>[\/et_pb_text][et_pb_image src=&#8220;https:\/\/lebensgarten.at\/wp-content\/uploads\/2025\/05\/IMG_2391-Shiitake.png&#8220; title_text=&#8220;Shiitake&#8220; _builder_version=&#8220;4.27.0&#8243; _module_preset=&#8220;default&#8220; width=&#8220;100%&#8220; min_height=&#8220;405px&#8220; custom_margin=&#8220;||9px|||&#8220; custom_padding=&#8220;||21px|||&#8220; global_colors_info=&#8220;{}&#8220; theme_builder_area=&#8220;post_content&#8220;][\/et_pb_image][et_pb_text _builder_version=&#8220;4.16&#8243; _module_preset=&#8220;default&#8220; global_colors_info=&#8220;{}&#8220; theme_builder_area=&#8220;post_content&#8220;]<\/p>\n<p>Richtig sch\u00f6n, fast k\u00f6nnte man sagen ,elegant\u2019, sieht der <strong>rosa Austernpilz<\/strong> aus, der auf einem Biosubstrat w\u00e4chst (Bild unten).<\/p>\n<p>[\/et_pb_text][et_pb_image src=&#8220;https:\/\/lebensgarten.at\/wp-content\/uploads\/2025\/05\/IMG_2395-rosa-Austernpilz.png&#8220; title_text=&#8220;rosa Austernpilz&#8220; _builder_version=&#8220;4.27.0&#8243; _module_preset=&#8220;default&#8220; width=&#8220;100%&#8220; min_height=&#8220;353px&#8220; custom_margin=&#8220;||9px|||&#8220; custom_padding=&#8220;||1px|||&#8220; global_colors_info=&#8220;{}&#8220; theme_builder_area=&#8220;post_content&#8220;][\/et_pb_image][et_pb_text _builder_version=&#8220;4.16&#8243; _module_preset=&#8220;default&#8220; custom_margin=&#8220;||70px|||&#8220; global_colors_info=&#8220;{}&#8220; theme_builder_area=&#8220;post_content&#8220;]<\/p>\n<p>&nbsp;<\/p>\n<p>&nbsp;<\/p>\n<p>[\/et_pb_text][et_pb_image src=&#8220;https:\/\/lebensgarten.at\/wp-content\/uploads\/2025\/05\/IMG_2449-Irokese.png&#8220; title_text=&#8220;Irokese&#8220; _builder_version=&#8220;4.27.0&#8243; _module_preset=&#8220;default&#8220; width=&#8220;100%&#8220; min_height=&#8220;353px&#8220; custom_margin=&#8220;||9px|||&#8220; custom_padding=&#8220;||1px|||&#8220; global_colors_info=&#8220;{}&#8220; theme_builder_area=&#8220;post_content&#8220;][\/et_pb_image][et_pb_text _builder_version=&#8220;4.16&#8243; _module_preset=&#8220;default&#8220; global_colors_info=&#8220;{}&#8220; theme_builder_area=&#8220;post_content&#8220;]<\/p>\n<p>Der \u00fcberlebensgro\u00dfe Irokese (Bild oben) \u00fcberblickt cool den Trubel und achtet darauf, dass die Besucher die Ausstellungsst\u00fccke nicht ,besch\u00e4digen\u2019 \u2026<\/p>\n<p>Besondere Pflanzenfans unter den Besuchern haben sich sogar passend f\u00fcr die Blumen Show floral gekleidet (Bild unten) \u2026<\/p>\n<p>[\/et_pb_text][et_pb_image src=&#8220;https:\/\/lebensgarten.at\/wp-content\/uploads\/2025\/05\/IMG_2383-lustige-Besucher.png&#8220; title_text=&#8220;lustige Besucher&#8220; _builder_version=&#8220;4.27.0&#8243; _module_preset=&#8220;default&#8220; width=&#8220;100%&#8220; min_height=&#8220;353px&#8220; custom_margin=&#8220;||9px|||&#8220; custom_padding=&#8220;||1px|||&#8220; global_colors_info=&#8220;{}&#8220; theme_builder_area=&#8220;post_content&#8220;][\/et_pb_image][et_pb_text _builder_version=&#8220;4.16&#8243; _module_preset=&#8220;default&#8220; global_colors_info=&#8220;{}&#8220; theme_builder_area=&#8220;post_content&#8220;][\/et_pb_text][et_pb_image src=&#8220;https:\/\/lebensgarten.at\/wp-content\/uploads\/2025\/05\/IMG_2387-Frau-mit-Blumenkleid.png&#8220; title_text=&#8220;Frau mit Blumenkleid&#8220; _builder_version=&#8220;4.27.0&#8243; _module_preset=&#8220;default&#8220; width=&#8220;100%&#8220; min_height=&#8220;353px&#8220; custom_margin=&#8220;||9px|||&#8220; custom_padding=&#8220;||1px|||&#8220; global_colors_info=&#8220;{}&#8220; theme_builder_area=&#8220;post_content&#8220;][\/et_pb_image][et_pb_text _builder_version=&#8220;4.16&#8243; _module_preset=&#8220;default&#8220; global_colors_info=&#8220;{}&#8220; theme_builder_area=&#8220;post_content&#8220;]<\/p>\n<p>\u2026 und fotografieren aufgeregt, was das Zeug h\u00e4lt. Der bronzene Hase dagegen nimmt den Trubel gelassen und macht inmitten all des Gr\u00fcnzeugs ein entspanntes Schl\u00e4fchen (Bild unten).<\/p>\n<p>[\/et_pb_text][et_pb_image src=&#8220;https:\/\/lebensgarten.at\/wp-content\/uploads\/2025\/05\/IMG_2349-schlafender-Hase.png&#8220; title_text=&#8220;schlafender Hase&#8220; _builder_version=&#8220;4.27.0&#8243; _module_preset=&#8220;default&#8220; width=&#8220;100%&#8220; min_height=&#8220;353px&#8220; custom_margin=&#8220;||9px|||&#8220; custom_padding=&#8220;||1px|||&#8220; global_colors_info=&#8220;{}&#8220; theme_builder_area=&#8220;post_content&#8220;][\/et_pb_image][et_pb_text _builder_version=&#8220;4.27.0&#8243; _module_preset=&#8220;default&#8220; custom_margin=&#8220;||36px|||&#8220; global_colors_info=&#8220;{}&#8220; theme_builder_area=&#8220;post_content&#8220;]<\/p>\n<h2><span style=\"color: #008000;\"><br \/>Pflanzen f\u00fcr Trockenzeiten und f\u00fcr kleine Balkone<br \/><\/span><\/h2>\n<p><span style=\"color: #008000;\"><\/span><\/p>\n<p>[\/et_pb_text][et_pb_text _builder_version=&#8220;4.27.0&#8243; _module_preset=&#8220;default&#8220; global_colors_info=&#8220;{}&#8220; theme_builder_area=&#8220;post_content&#8220;]<\/p>\n<p>In unseren Breiten gibt es nach Regenepisoden immer \u00f6fter auch Trockenzeiten, denen sich Gartenbesitzer anpassen m\u00fcssen. Ideal daf\u00fcr sind <strong>Sukkulenten<\/strong>, die durch spezielle wasserspeichernde Bl\u00e4tter, Triebe und Wurzeln an besondere Klima- und Bodenverh\u00e4ltnisse angepasst sind. Dazu geh\u00f6ren Kakteen und Agavenpflanzen.<\/p>\n<p>[\/et_pb_text][et_pb_image src=&#8220;https:\/\/lebensgarten.at\/wp-content\/uploads\/2025\/05\/IMG_2363-Sukkulenten-Ueberblick.png&#8220; title_text=&#8220;Sukkulenten \u00dcberblick&#8220; _builder_version=&#8220;4.27.0&#8243; _module_preset=&#8220;default&#8220; width=&#8220;100%&#8220; min_height=&#8220;353px&#8220; custom_margin=&#8220;||9px|||&#8220; custom_padding=&#8220;||1px|||&#8220; global_colors_info=&#8220;{}&#8220; theme_builder_area=&#8220;post_content&#8220;][\/et_pb_image][et_pb_text _builder_version=&#8220;4.27.0&#8243; _module_preset=&#8220;default&#8220; custom_margin=&#8220;||42px|||&#8220; global_colors_info=&#8220;{}&#8220; theme_builder_area=&#8220;post_content&#8220;]<\/p>\n<h6><em>Lieben es trocken &#8211; eine bunte Vielfalt von Sukkulenten.<br \/><\/em><\/h6>\n<p>[\/et_pb_text][et_pb_image src=&#8220;https:\/\/lebensgarten.at\/wp-content\/uploads\/2025\/05\/IMG_2366-Sukkulenten-Agave-Goldmedaille.png&#8220; title_text=&#8220;Agave&#8220; _builder_version=&#8220;4.27.0&#8243; _module_preset=&#8220;default&#8220; width=&#8220;100%&#8220; min_height=&#8220;353px&#8220; custom_margin=&#8220;||9px|||&#8220; custom_padding=&#8220;||1px|||&#8220; global_colors_info=&#8220;{}&#8220; theme_builder_area=&#8220;post_content&#8220;][\/et_pb_image][et_pb_text _builder_version=&#8220;4.27.0&#8243; _module_preset=&#8220;default&#8220; global_colors_info=&#8220;{}&#8220; theme_builder_area=&#8220;post_content&#8220;]<\/p>\n<p>Die Agave in der Bildmitte mit den roten Blattr\u00e4ndern wurde mit einer Goldmedaille ausgezeichnet (Bild oben).<\/p>\n<p>Nicht ausgezeichnet, aber vom Wuchs her \u00fcberaus bemerkenswert ist die <strong>,Agave leopoldii marginata&#8216;<\/strong> im Bild unten, die wie ein Wuschelkopf aussieht und auch einen Blickfang auf der Terrasse darstellen kann. Ein Teil dieser Sukkulenten ist in unseren Breiten sogar winterhart, man sollte sich vor der Anschaffung immer erkundigen, welche Minus-Temperaturen die Pflanze gut aush\u00e4lt.<\/p>\n<p>[\/et_pb_text][et_pb_image src=&#8220;https:\/\/lebensgarten.at\/wp-content\/uploads\/2025\/05\/IMG_2368-Agave-leopoldii-Wuschelkopf.png&#8220; title_text=&#8220;Agave leopoldii Wuschelkopf&#8220; _builder_version=&#8220;4.27.0&#8243; _module_preset=&#8220;default&#8220; width=&#8220;100%&#8220; min_height=&#8220;357px&#8220; custom_margin=&#8220;||9px|||&#8220; custom_padding=&#8220;||1px|||&#8220; global_colors_info=&#8220;{}&#8220; theme_builder_area=&#8220;post_content&#8220;][\/et_pb_image][et_pb_text _builder_version=&#8220;4.16&#8243; _module_preset=&#8220;default&#8220; min_height=&#8220;70px&#8220; global_colors_info=&#8220;{}&#8220; theme_builder_area=&#8220;post_content&#8220;]<\/p>\n<p>Spezielle Alpenpflanzen, die als fertige Arrangements in Pflanzbeh\u00e4ltern f\u00fcr kleine Terrassen und Balkone angeboten werden, sollen helfen, ein wenig Gr\u00fcn auch in den st\u00e4dtischen Bereich zu bringen (Bild unten).<\/p>\n<p>[\/et_pb_text][et_pb_image src=&#8220;https:\/\/lebensgarten.at\/wp-content\/uploads\/2025\/05\/IMG_2404-Balkongaerten-mit-WG.png&#8220; title_text=&#8220;Balkong\u00e4rten&#8220; _builder_version=&#8220;4.27.0&#8243; _module_preset=&#8220;default&#8220; width=&#8220;100%&#8220; min_height=&#8220;353px&#8220; custom_margin=&#8220;||9px|||&#8220; custom_padding=&#8220;||1px|||&#8220; global_colors_info=&#8220;{}&#8220; theme_builder_area=&#8220;post_content&#8220;][\/et_pb_image][et_pb_text _builder_version=&#8220;4.16&#8243; _module_preset=&#8220;default&#8220; global_colors_info=&#8220;{}&#8220; theme_builder_area=&#8220;post_content&#8220;][\/et_pb_text][et_pb_image src=&#8220;https:\/\/lebensgarten.at\/wp-content\/uploads\/2025\/05\/IMG_2409-Balkonschale-mit-Gartenzwergen.png&#8220; title_text=&#8220;Balkonschale mit Gartenzwergen&#8220; _builder_version=&#8220;4.27.0&#8243; _module_preset=&#8220;default&#8220; width=&#8220;100%&#8220; min_height=&#8220;353px&#8220; custom_margin=&#8220;||11px|||&#8220; custom_padding=&#8220;||1px|||&#8220; global_colors_info=&#8220;{}&#8220; theme_builder_area=&#8220;post_content&#8220;][\/et_pb_image][et_pb_text _builder_version=&#8220;4.16&#8243; _module_preset=&#8220;default&#8220; global_colors_info=&#8220;{}&#8220; theme_builder_area=&#8220;post_content&#8220;]<\/p>\n<p>Bei der Gestaltung dieser speziellen Pflanzschalen ist der Phantasie keine Grenze gesetzt &#8211; es gibt fertige Sets f\u00fcr optimales ,Schrebergartenfeeling&#8216; inklusive Gartenzwergen.\u00a0<\/p>\n<p>[\/et_pb_text][et_pb_text _builder_version=&#8220;4.27.0&#8243; _module_preset=&#8220;default&#8220; custom_margin=&#8220;||36px|||&#8220; global_colors_info=&#8220;{}&#8220; theme_builder_area=&#8220;post_content&#8220;]<\/p>\n<h2><span style=\"color: #008000;\"><br \/>K\u00f6nigliche Auszeichnung<br \/><\/span><\/h2>\n<p><span style=\"color: #008000;\"><\/span><\/p>\n<p>[\/et_pb_text][et_pb_image src=&#8220;https:\/\/lebensgarten.at\/wp-content\/uploads\/2025\/05\/IMG_2399-Clematis-mit-koeniglicher-Auszeichnung.png&#8220; title_text=&#8220;Clematis mit k\u00f6niglicher Auszeichnung&#8220; _builder_version=&#8220;4.27.0&#8243; _module_preset=&#8220;default&#8220; width=&#8220;100%&#8220; min_height=&#8220;371px&#8220; custom_margin=&#8220;||26px|||&#8220; custom_padding=&#8220;||1px|||&#8220; global_colors_info=&#8220;{}&#8220; theme_builder_area=&#8220;post_content&#8220;][\/et_pb_image][et_pb_text _builder_version=&#8220;4.27.0&#8243; _module_preset=&#8220;default&#8220; global_colors_info=&#8220;{}&#8220; theme_builder_area=&#8220;post_content&#8220;]<\/p>\n<p>Eine k\u00f6nigliche Auszeichnung gab es heuer f\u00fcr ein riesiges Arrangement von in allen Farben wunderbar bl\u00fchenden <strong>Clematis<\/strong>.<\/p>\n<p>[\/et_pb_text][et_pb_image src=&#8220;https:\/\/lebensgarten.at\/wp-content\/uploads\/2025\/05\/IMG_2372-Nelken-mit-Chinesen.png&#8220; title_text=&#8220;Nelken&#8220; _builder_version=&#8220;4.27.0&#8243; _module_preset=&#8220;default&#8220; width=&#8220;100%&#8220; min_height=&#8220;371px&#8220; custom_margin=&#8220;||26px|||&#8220; custom_padding=&#8220;||1px|||&#8220; global_colors_info=&#8220;{}&#8220; theme_builder_area=&#8220;post_content&#8220;][\/et_pb_image][et_pb_text _builder_version=&#8220;4.16&#8243; _module_preset=&#8220;default&#8220; global_colors_info=&#8220;{}&#8220; theme_builder_area=&#8220;post_content&#8220;]<\/p>\n<p>Internationale G\u00e4ste f\u00fchlten sich besonders von der Pr\u00e4sentation gro\u00df bl\u00fchender Nelken in allen denkbaren Farben angezogen und lie\u00dfen ihre Kameras unz\u00e4hlige Male klicken (Bild oben).<\/p>\n<p>[\/et_pb_text][et_pb_image src=&#8220;https:\/\/lebensgarten.at\/wp-content\/uploads\/2025\/05\/IMG_2370-Nelke-Royal-Damascus.png&#8220; title_text=&#8220;Nelke Royal Damascus&#8220; _builder_version=&#8220;4.27.0&#8243; _module_preset=&#8220;default&#8220; width=&#8220;100%&#8220; min_height=&#8220;371px&#8220; custom_margin=&#8220;||26px|||&#8220; custom_padding=&#8220;||1px|||&#8220; global_colors_info=&#8220;{}&#8220; theme_builder_area=&#8220;post_content&#8220;][\/et_pb_image][et_pb_text _builder_version=&#8220;4.27.0&#8243; _module_preset=&#8220;default&#8220; global_colors_info=&#8220;{}&#8220; theme_builder_area=&#8220;post_content&#8220;]<\/p>\n<p>Kein Wunder &#8211; diese Nelken, wie z.B. die im Bild oben gezeigte Neuz\u00fcchtung <strong>,Royal Damaskus&#8216;<\/strong> hat ja auch herrlich strukturierte Bl\u00fcten mit eleganten Farbt\u00f6nen. Nicht umsonst wurde auch diese Nelke mit einer Goldmedaille ausgezeichnet.<\/p>\n<p>[\/et_pb_text][et_pb_image src=&#8220;https:\/\/lebensgarten.at\/wp-content\/uploads\/2025\/05\/IMG_2360-Duftwicken.png&#8220; title_text=&#8220;Duftwicken eins&#8220; _builder_version=&#8220;4.27.0&#8243; _module_preset=&#8220;default&#8220; width=&#8220;100%&#8220; min_height=&#8220;371px&#8220; custom_margin=&#8220;||26px|||&#8220; custom_padding=&#8220;||1px|||&#8220; global_colors_info=&#8220;{}&#8220; theme_builder_area=&#8220;post_content&#8220;][\/et_pb_image][et_pb_text _builder_version=&#8220;4.27.0&#8243; _module_preset=&#8220;default&#8220; global_colors_info=&#8220;{}&#8220; theme_builder_area=&#8220;post_content&#8220;]<\/p>\n<p>Einen weiteren Publikumsmagneten stellten die Pr\u00e4sentationen von <strong>Duftwicken<\/strong> dar, \u00fcber die es sogar mehrere B\u00fccher gibt (Bilder oben und unten).<\/p>\n<p>[\/et_pb_text][et_pb_image src=&#8220;https:\/\/lebensgarten.at\/wp-content\/uploads\/2025\/05\/IMG_2362-Duftwicken.png&#8220; title_text=&#8220;Duftwicken&#8220; _builder_version=&#8220;4.27.0&#8243; _module_preset=&#8220;default&#8220; width=&#8220;100%&#8220; min_height=&#8220;371px&#8220; custom_margin=&#8220;||26px|||&#8220; custom_padding=&#8220;||1px|||&#8220; global_colors_info=&#8220;{}&#8220; theme_builder_area=&#8220;post_content&#8220;][\/et_pb_image][et_pb_text _builder_version=&#8220;4.27.0&#8243; _module_preset=&#8220;default&#8220; global_colors_info=&#8220;{}&#8220; theme_builder_area=&#8220;post_content&#8220;]<\/p>\n<p>Dieser farbenpr\u00e4chtige und wunderbar duftende Bl\u00fctenzauber verz\u00fcckt nicht nur Blumenliebhaber, sondern ist auch ein Magnet f\u00fcr Bienen und andere Insekten. Diese Schlingpflanzen sind schnell wachsend und eignen sich an einem windgesch\u00fctzten sonnigen bis halbschattigen Standort f\u00fcr einen reich bl\u00fchenden und angenehm duftenden Sichtschutz.<\/p>\n<p>[\/et_pb_text][et_pb_image src=&#8220;https:\/\/lebensgarten.at\/wp-content\/uploads\/2025\/05\/IMG_3374-Pfingstrosen.png&#8220; title_text=&#8220;Pfingstrosen&#8220; _builder_version=&#8220;4.27.0&#8243; _module_preset=&#8220;default&#8220; width=&#8220;100%&#8220; min_height=&#8220;371px&#8220; custom_margin=&#8220;||26px|||&#8220; custom_padding=&#8220;||1px|||&#8220; global_colors_info=&#8220;{}&#8220; theme_builder_area=&#8220;post_content&#8220;][\/et_pb_image][et_pb_text _builder_version=&#8220;4.27.0&#8243; _module_preset=&#8220;default&#8220; global_colors_info=&#8220;{}&#8220; theme_builder_area=&#8220;post_content&#8220;]<\/p>\n<p>Aktuell zur gegenw\u00e4rtigen Jahreszeit war die Pr\u00e4sentation von neuen <strong>Pfingstrosensorten<\/strong>, die ganz neue Bl\u00fctenformen zeigten und sogar in der riesigen Blumenhalle Hummeln anlockten, die sich die Bl\u00fctenpollen offensichtlich gut schmecken lie\u00dfen (Bild 0ben).<\/p>\n<p>[\/et_pb_text][et_pb_image src=&#8220;https:\/\/lebensgarten.at\/wp-content\/uploads\/2025\/05\/IMG_2437-englische-Strauchrose.png&#8220; title_text=&#8220;englische Strauchrose&#8220; _builder_version=&#8220;4.27.0&#8243; _module_preset=&#8220;default&#8220; width=&#8220;100%&#8220; min_height=&#8220;371px&#8220; custom_margin=&#8220;||26px|||&#8220; custom_padding=&#8220;||1px|||&#8220; global_colors_info=&#8220;{}&#8220; theme_builder_area=&#8220;post_content&#8220;][\/et_pb_image][et_pb_text _builder_version=&#8220;4.27.0&#8243; _module_preset=&#8220;default&#8220; global_colors_info=&#8220;{}&#8220; theme_builder_area=&#8220;post_content&#8220;]<\/p>\n<p>Eine besondere Rosen-Neuz\u00fcchtung, die erstmals der \u00d6ffentlichkeit pr\u00e4sentiert wurde, war die <strong>The King&#8217;s Rose<\/strong>, eine englische Strauchrose, die in Zusammenarbeit mit ,The King&#8217;s Foundation&#8216; (gegr\u00fcndet von K\u00f6nig Charles III.) gez\u00fcchtet wurde.<\/p>\n<p>Die Vision dieser <strong>King&#8217;s Foundation<\/strong> ist es, <strong><em>im Einklang mit der Natur zu leben, um das Wohlergehen der Menschen, der Orte und des Planeten zu verbessern.<\/em><\/strong> In diesem Rahmen werden zahlreiche natursch\u00fctzende Projekte realisiert und jedes Jahr bekommen 15.000 Sch\u00fclerInnen die M\u00f6glichkeit, praktische, in der Natur verwurzelte F\u00e4higkeiten zu erlernen. Eine ideale Verbindung zur weltgr\u00f6\u00dften Pflanzenschau &#8230;<\/p>\n<p>&nbsp;<\/p>\n<p>&nbsp;<\/p>\n<p>[\/et_pb_text][\/et_pb_column][\/et_pb_row][\/et_pb_section]<\/p>\n","protected":false},"excerpt":{"rendered":"<p>Die gr\u00f6\u00dfte Blumenschau der Welt, die Chelsea Flower Show, die heuer vom 20. bis 24. Mai wieder in London stattfand, zog auch dieses Jahr wieder mehr als 150.000 Garten- und Blumenfans in ihren Bann. Diese internationale Gartenausstellung, die auch die Royals regelm\u00e4\u00dfig besuchen, ist eine wichtige Veranstaltung f\u00fcr alle GartenbesitzerInnen und Pflanzenfreunde, aber auch f\u00fcr [&hellip;]<\/p>\n","protected":false},"author":6,"featured_media":3052,"comment_status":"open","ping_status":"open","sticky":false,"template":"","format":"standard","meta":{"_et_pb_use_builder":"on","_et_pb_old_content":"","_et_gb_content_width":"","footnotes":""},"categories":[35,16,29,22,27],"tags":[],"class_list":["post-3051","post","type-post","status-publish","format-standard","has-post-thumbnail","hentry","category-aktuelles","category-allgemein","category-gartentipps","category-pflanzenwissen","category-schaugaerten-ausland"],"_links":{"self":[{"href":"https:\/\/lebensgarten.at\/index.php?rest_route=\/wp\/v2\/posts\/3051"}],"collection":[{"href":"https:\/\/lebensgarten.at\/index.php?rest_route=\/wp\/v2\/posts"}],"about":[{"href":"https:\/\/lebensgarten.at\/index.php?rest_route=\/wp\/v2\/types\/post"}],"author":[{"embeddable":true,"href":"https:\/\/lebensgarten.at\/index.php?rest_route=\/wp\/v2\/users\/6"}],"replies":[{"embeddable":true,"href":"https:\/\/lebensgarten.at\/index.php?rest_route=%2Fwp%2Fv2%2Fcomments&post=3051"}],"version-history":[{"count":11,"href":"https:\/\/lebensgarten.at\/index.php?rest_route=\/wp\/v2\/posts\/3051\/revisions"}],"predecessor-version":[{"id":3096,"href":"https:\/\/lebensgarten.at\/index.php?rest_route=\/wp\/v2\/posts\/3051\/revisions\/3096"}],"wp:featuredmedia":[{"embeddable":true,"href":"https:\/\/lebensgarten.at\/index.php?rest_route=\/wp\/v2\/media\/3052"}],"wp:attachment":[{"href":"https:\/\/lebensgarten.at\/index.php?rest_route=%2Fwp%2Fv2%2Fmedia&parent=3051"}],"wp:term":[{"taxonomy":"category","embeddable":true,"href":"https:\/\/lebensgarten.at\/index.php?rest_route=%2Fwp%2Fv2%2Fcategories&post=3051"},{"taxonomy":"post_tag","embeddable":true,"href":"https:\/\/lebensgarten.at\/index.php?rest_route=%2Fwp%2Fv2%2Ftags&post=3051"}],"curies":[{"name":"wp","href":"https:\/\/api.w.org\/{rel}","templated":true}]}}