{"id":3015,"date":"2024-05-28T07:54:06","date_gmt":"2024-05-28T07:54:06","guid":{"rendered":"https:\/\/lebensgarten.at\/?p=3015"},"modified":"2024-06-03T07:55:25","modified_gmt":"2024-06-03T07:55:25","slug":"london-chelsea-flower-show-2024","status":"publish","type":"post","link":"https:\/\/lebensgarten.at\/?p=3015","title":{"rendered":"London: Chelsea Flower Show 2024"},"content":{"rendered":"<p>[et_pb_section fb_built=&#8220;1&#8243; theme_builder_area=&#8220;post_content&#8220; _builder_version=&#8220;4.23.1&#8243; _module_preset=&#8220;default&#8220;][\/et_pb_section][et_pb_section fb_built=&#8220;1&#8243; _builder_version=&#8220;4.23.1&#8243; _module_preset=&#8220;default&#8220; global_colors_info=&#8220;{}&#8220; theme_builder_area=&#8220;et_body_layout&#8220;][\/et_pb_section][et_pb_section fb_built=&#8220;1&#8243; _builder_version=&#8220;4.16&#8243; _module_preset=&#8220;default&#8220; global_colors_info=&#8220;{}&#8220; theme_builder_area=&#8220;et_body_layout&#8220;][et_pb_row _builder_version=&#8220;4.16&#8243; _module_preset=&#8220;default&#8220; global_colors_info=&#8220;{}&#8220; theme_builder_area=&#8220;et_body_layout&#8220;][et_pb_column type=&#8220;4_4&#8243; _builder_version=&#8220;4.16&#8243; _module_preset=&#8220;default&#8220; global_colors_info=&#8220;{}&#8220; theme_builder_area=&#8220;et_body_layout&#8220;][et_pb_text _builder_version=&#8220;4.16&#8243; _module_preset=&#8220;default&#8220; global_colors_info=&#8220;{}&#8220; theme_builder_area=&#8220;et_body_layout&#8220;]<\/p>\n<div class=\"et_pb_module et_pb_text et_pb_text_2  et_pb_text_align_left et_pb_bg_layout_light\">\n<div class=\"et_pb_text_inner\">\n<p>Eine bet\u00f6rende Duftwelle rauschte uns entgegen, als wir die Haupthalle der diesj\u00e4hrigen <strong>Chelsea Flower Show<\/strong>, die vom 21. bis 25. Mai in London stattfand, betraten. Ein farbenpr\u00e4chtiges Bl\u00fctenmeer verzauberte auch dieses Jahr wieder mehr als 150.000 Gartenfans. Diese internationale Gartenausstellung, die auch die Royals regelm\u00e4\u00dfig besuchen, ist ein ,Mekka&#8216; f\u00fcr alle GartenbesitzerInnen und Pflanzenfreunde aus dem In- und Ausland.<\/p>\n<\/div>\n<\/div>\n<p>[\/et_pb_text][et_pb_image src=&#8220;https:\/\/lebensgarten.at\/wp-content\/uploads\/2024\/06\/01-Flower-Show-2024-Eingang.png&#8220; _builder_version=&#8220;4.23.1&#8243; _module_preset=&#8220;default&#8220; width=&#8220;100%&#8220; custom_margin=&#8220;||9px|||&#8220; hover_enabled=&#8220;0&#8243; global_colors_info=&#8220;{}&#8220; theme_builder_area=&#8220;et_body_layout&#8220; sticky_enabled=&#8220;0&#8243;][\/et_pb_image][\/et_pb_column][\/et_pb_row][et_pb_row _builder_version=&#8220;4.16&#8243; _module_preset=&#8220;default&#8220; global_colors_info=&#8220;{}&#8220; theme_builder_area=&#8220;et_body_layout&#8220;][et_pb_column type=&#8220;4_4&#8243; _builder_version=&#8220;4.16&#8243; _module_preset=&#8220;default&#8220; global_colors_info=&#8220;{}&#8220; theme_builder_area=&#8220;et_body_layout&#8220;][et_pb_text _builder_version=&#8220;4.16&#8243; _module_preset=&#8220;default&#8220; global_colors_info=&#8220;{}&#8220; theme_builder_area=&#8220;et_body_layout&#8220;]<\/p>\n<p>Hier gibt es traditionsgem\u00e4\u00df nicht nur einen \u00dcberblick \u00fcber die neuesten Gartentrends, sondern auch sehr viele praktische Anregungen f\u00fcr die Gestaltung des eigenen Gartens. Allerdings war dieses Jahr die Begeisterung nicht ungetr\u00fcbt: Die Tickets werden nicht nur immer teurer, sondern auch die Menschenmassen, die sich auf den von unz\u00e4hligen Verkaufsst\u00e4nden ges\u00e4umten Wegen dahin w\u00e4lzen, werden immer gr\u00f6\u00dfer. Und dass an diesen Messest\u00e4nden oft gar nicht gartenaffines Krimskrams verkauft wird, begeisterte viele britische BesucherInnen, die aus dem ganzen Land nach London gekommen waren, um sich Gartenanregungen zu holen, noch weniger. Viele Stammg\u00e4ste machten dieses Jahr ihrem Unmut dar\u00fcber in den sozialen Medien Luft.<br \/>Die Veranstalter w\u00fcrden gut daran tun, sich die Kritik zu Herzen zu nehmen und wieder zu den Wurzeln der Show zur\u00fcckzukehren: Weniger Kommerz, daf\u00fcr mehr Garten.\u00a0<\/p>\n<p>Trotz all dieser Unzul\u00e4nglichkeiten ist die Show immer noch ein gro\u00dfartiges internationales Ereignis f\u00fcr G\u00e4rtnerinnen und G\u00e4rtner, die dieses Blumen- und Pflanzenmeer &#8211; vor allem in der gro\u00dfen Halle &#8211; nicht nur genie\u00dfen m\u00f6chten, sondern sich auch \u00fcber die neuesten Entwicklungen informieren wollen.\u00a0<\/p>\n<p>[\/et_pb_text][et_pb_image src=&#8220;https:\/\/lebensgarten.at\/wp-content\/uploads\/2024\/06\/02-Lilium-Dark-Secret.png&#8220; _builder_version=&#8220;4.23.1&#8243; _module_preset=&#8220;default&#8220; width=&#8220;100%&#8220; custom_margin=&#8220;||9px|||&#8220; hover_enabled=&#8220;0&#8243; global_colors_info=&#8220;{}&#8220; theme_builder_area=&#8220;et_body_layout&#8220; sticky_enabled=&#8220;0&#8243;][\/et_pb_image][et_pb_text _builder_version=&#8220;4.23.1&#8243; _module_preset=&#8220;default&#8220; global_colors_info=&#8220;{}&#8220; theme_builder_area=&#8220;et_body_layout&#8220;]<\/p>\n<h6><em>,Lily Dark Secret&#8216;- eine seltene Lilienart mit elegant-tiefroten Bl\u00fcten.<\/em><\/h6>\n<p>[\/et_pb_text][et_pb_text _builder_version=&#8220;4.23.1&#8243; _module_preset=&#8220;default&#8220; custom_margin=&#8220;||9px|||&#8220; hover_enabled=&#8220;0&#8243; global_colors_info=&#8220;{}&#8220; theme_builder_area=&#8220;et_body_layout&#8220; sticky_enabled=&#8220;0&#8243;]<\/p>\n<h2><span style=\"color: #008000;\">Von Schnittblumen bis Bienenfutter-G\u00e4rten<br \/><\/span><\/h2>\n<p>[\/et_pb_text][et_pb_text _builder_version=&#8220;4.16&#8243; _module_preset=&#8220;default&#8220; global_colors_info=&#8220;{}&#8220; theme_builder_area=&#8220;et_body_layout&#8220;]<\/p>\n<p><strong>Lilien<\/strong> (Lilium) geh\u00f6ren zu den Anziehungspunkten in der Halle &#8211; nicht nur wegen ihres bet\u00f6renden Duftes, sondern auch wegen ihrer &#8211; fast majest\u00e4tischen &#8211; Sch\u00f6nheit. Eine der f\u00fcr uns sch\u00f6nsten war dieses Jahr ,Lily Dark Secret&#8216;, eine seltene und tiefrot gef\u00e4rbte asiatische Lilie, deren Bl\u00fctenbl\u00e4tter ein fast samtiges Aussehen haben.<\/p>\n<p>Die beeindruckenden Bl\u00fctenst\u00e4ngel werden bis zu 90 cm hoch, wobei die elegante Sch\u00f6nheit der Bl\u00fcte einen Mangel an Duft vergessen l\u00e4sst.<\/p>\n<p>Lilien allgemein sind im Garten leicht zu kultivieren &#8211; sie ben\u00f6tigen nur einen gut durchl\u00e4ssigen Boden und einen m\u00f6glichst sonnigen Standort. Sie sind absolut winterhart und ben\u00f6tigen auch in unseren Breiten keinen Winterschutz.<\/p>\n<p>\u00dcbrigens: \u00dangef\u00fcllte Lilien sind sogenannte eingeb\u00fcrgerte Neophyten, die sich als guter Pollen-und Nektarspender f\u00fcr <strong>Bienen, Wildbienen, Hummeln<\/strong> und andere wichtige Insekten eignen.\u00a0<\/p>\n<p>[\/et_pb_text][et_pb_image src=&#8220;https:\/\/lebensgarten.at\/wp-content\/uploads\/2024\/06\/03-Hoher-Rittersporn.png&#8220; _builder_version=&#8220;4.23.1&#8243; _module_preset=&#8220;default&#8220; width=&#8220;100%&#8220; custom_margin=&#8220;||9px|||&#8220; hover_enabled=&#8220;0&#8243; global_colors_info=&#8220;{}&#8220; theme_builder_area=&#8220;et_body_layout&#8220; sticky_enabled=&#8220;0&#8243;][\/et_pb_image][et_pb_text _builder_version=&#8220;4.23.1&#8243; _module_preset=&#8220;default&#8220; hover_enabled=&#8220;0&#8243; global_colors_info=&#8220;{}&#8220; theme_builder_area=&#8220;et_body_layout&#8220; sticky_enabled=&#8220;0&#8243; custom_margin=&#8220;||18px|||&#8220;]<\/p>\n<h6><em>Hoher Rittersporn &#8211; eine Pracht im Garten, aber auch in der Vase.<\/em><\/h6>\n<p>[\/et_pb_text][et_pb_text _builder_version=&#8220;4.16&#8243; _module_preset=&#8220;default&#8220; global_colors_info=&#8220;{}&#8220; theme_builder_area=&#8220;et_body_layout&#8220;]<\/p>\n<p>Ein weiterer Anziehungspunkt war die Pr\u00e4sentation von herrlichen ,Hohen Ritterspornen&#8216; (Delphinum elatum) in einem Farbspektrum von wei\u00df bis dunkelblau. Diese Rittersporne erreichen eine H\u00f6he von bis etwa 180 cm und haben hohle St\u00e4ngel, die durch den schmalen Wuchs nicht immer ganz standfest sind. Au\u00dferdem breiten sich die Wurzeln nur flach unter der Erdoberfl\u00e4che aus.<\/p>\n<p><strong>Tipp:<\/strong> Damit diese wundersch\u00f6nen Bl\u00fctenst\u00e4ngel nicht durch Wind und Starkregen geknickt werden, ist es sinnvoll, sie mit St\u00e4ben zu st\u00fctzen. Und da diese Sch\u00f6nheiten auch bei Schnecken recht beliebt sind, empfiehlt es sich, das Rittersporn-Beet mit einer Kupferblech-Sperre zu umgeben.<\/p>\n<p><strong>Rittersporn gilt auch als bienenfreundlich<\/strong>, wobei es insekten- oder hummelfreundlich besser umschreiben w\u00fcrde. Der Nektar sitzt n\u00e4mlich versteckt im Sporn und ist haupts\u00e4chlich f\u00fcr ,R\u00fcsseltr\u00e4ger&#8216; erreichbar.<\/p>\n<p>[\/et_pb_text][et_pb_image src=&#8220;https:\/\/lebensgarten.at\/wp-content\/uploads\/2024\/06\/04-Paeonia-Edelpfingstrosen.png&#8220; _builder_version=&#8220;4.23.1&#8243; _module_preset=&#8220;default&#8220; width=&#8220;100%&#8220; custom_margin=&#8220;||9px|||&#8220; hover_enabled=&#8220;0&#8243; global_colors_info=&#8220;{}&#8220; theme_builder_area=&#8220;et_body_layout&#8220; title_text=&#8220;Edelpfingstrosen&#8220; sticky_enabled=&#8220;0&#8243;][\/et_pb_image][et_pb_text _builder_version=&#8220;4.23.1&#8243; _module_preset=&#8220;default&#8220; hover_enabled=&#8220;0&#8243; global_colors_info=&#8220;{}&#8220; theme_builder_area=&#8220;et_body_layout&#8220; sticky_enabled=&#8220;0&#8243; custom_margin=&#8220;||18px|||&#8220;]<\/p>\n<h6><em>Pfingstrosen wirken besonders durch ihre pralle \u00dcppigkeit.<\/em><\/h6>\n<p>[\/et_pb_text][et_pb_text _builder_version=&#8220;4.16&#8243; _module_preset=&#8220;default&#8220; global_colors_info=&#8220;{}&#8220; theme_builder_area=&#8220;et_body_layout&#8220;]<\/p>\n<p>Was w\u00e4re eine gro\u00dfe Blumenschau ohne <strong>Pfingstrosen<\/strong> (Paeonia)? Die pralle \u00dcppigkeit von gef\u00fcllten Pfingstrosen verz\u00fcckt jede Blumenliebhaberin durch umwerfende Optik, der Duft ist meist nur dezent.\u00a0<\/p>\n<p>[\/et_pb_text][et_pb_image src=&#8220;https:\/\/lebensgarten.at\/wp-content\/uploads\/2024\/06\/05-Garten-zum-Traeumen.png&#8220; _builder_version=&#8220;4.23.1&#8243; _module_preset=&#8220;default&#8220; width=&#8220;100%&#8220; custom_margin=&#8220;||9px|||&#8220; hover_enabled=&#8220;0&#8243; global_colors_info=&#8220;{}&#8220; theme_builder_area=&#8220;et_body_layout&#8220; title_text=&#8220;Garten zum Tr\u00e4umen&#8220; sticky_enabled=&#8220;0&#8243; min_height=&#8220;405px&#8220; custom_padding=&#8220;||21px|||&#8220;][\/et_pb_image][et_pb_text _builder_version=&#8220;4.16&#8243; _module_preset=&#8220;default&#8220; global_colors_info=&#8220;{}&#8220; theme_builder_area=&#8220;et_body_layout&#8220; min_height=&#8220;117px&#8220;]<\/p>\n<p>Ein wundersch\u00f6ner Garten mit einer tollen Pflanzen- und Bl\u00fctenvielfalt &#8211; aber was fasziniert die Besucherin, die man durch den Eingangsbogen im Hintergrund sieht? Vielleicht dieser Mann im Gartenbett &#8230;<\/p>\n<p>[\/et_pb_text][et_pb_image src=&#8220;https:\/\/lebensgarten.at\/wp-content\/uploads\/2024\/06\/06-Gartenbaden-1-I-had-a-dream.png&#8220; _builder_version=&#8220;4.23.1&#8243; _module_preset=&#8220;default&#8220; width=&#8220;100%&#8220; custom_margin=&#8220;||9px|||&#8220; hover_enabled=&#8220;0&#8243; global_colors_info=&#8220;{}&#8220; theme_builder_area=&#8220;et_body_layout&#8220; title_text=&#8220;Gartenbaden&#8220; sticky_enabled=&#8220;0&#8243; min_height=&#8220;405px&#8220; custom_padding=&#8220;||21px|||&#8220;][\/et_pb_image][et_pb_text _builder_version=&#8220;4.16&#8243; _module_preset=&#8220;default&#8220; global_colors_info=&#8220;{}&#8220; theme_builder_area=&#8220;et_body_layout&#8220;]<\/p>\n<p>Da ist wohl einer eingeschlafen! Eine originelle Dekoration, die den Erholungswert des ,Gartenbadens&#8216; symbolisiert. Die Aufschrift auf der Holztafel am ,Bettgestell&#8216; vermittelt uns die Gedanken des Schl\u00e4fers: &#8222;I had a dream and everything was green &#8230;&#8220;<\/p>\n<p>[\/et_pb_text][et_pb_image src=&#8220;https:\/\/lebensgarten.at\/wp-content\/uploads\/2024\/06\/07-Proteas-Uebersicht.png&#8220; _builder_version=&#8220;4.23.1&#8243; _module_preset=&#8220;default&#8220; width=&#8220;100%&#8220; custom_margin=&#8220;||9px|||&#8220; hover_enabled=&#8220;0&#8243; global_colors_info=&#8220;{}&#8220; theme_builder_area=&#8220;et_body_layout&#8220; sticky_enabled=&#8220;0&#8243; min_height=&#8220;405px&#8220; custom_padding=&#8220;||21px|||&#8220;][\/et_pb_image][et_pb_text _builder_version=&#8220;4.16&#8243; _module_preset=&#8220;default&#8220; global_colors_info=&#8220;{}&#8220; theme_builder_area=&#8220;et_body_layout&#8220;]<\/p>\n<p>Exotische Bl\u00fctenpracht auf der Blumeninsel aus S\u00fcdafrika: Ein Meer von Proteas (Proteales), die auf der s\u00fcdlichen Halbkugel in vielen Farben, Formen und Gr\u00f6\u00dfen wild wachsen und damit zur ,Wappenblume&#8216; S\u00fcdafrikas geworden sind.<\/p>\n<p>Sie geh\u00f6ren zur Pflanzengattung der Zuckerb\u00fcsche und die an Artischocken erinnernden Bl\u00fcten werden wegen ihrer Sch\u00f6nheit oft auch <strong>,Kaprose&#8216;<\/strong> genannt.<\/p>\n<p>In unseren Breiten sind Proteas nur schwer kultivierbar, weil sie eine hohe Luftfeuchtigkeit ben\u00f6tigen, sie werden haupts\u00e4chlich als Schnittblumen angeboten.<\/p>\n<p>[\/et_pb_text][et_pb_image src=&#8220;https:\/\/lebensgarten.at\/wp-content\/uploads\/2024\/06\/08-Zitronen-Austernseitling.png&#8220; _builder_version=&#8220;4.23.1&#8243; _module_preset=&#8220;default&#8220; width=&#8220;100%&#8220; custom_margin=&#8220;||9px|||&#8220; hover_enabled=&#8220;0&#8243; global_colors_info=&#8220;{}&#8220; theme_builder_area=&#8220;et_body_layout&#8220; title_text=&#8220;Zitronen-Austernseitling&#8220; sticky_enabled=&#8220;0&#8243; min_height=&#8220;353px&#8220; custom_padding=&#8220;||1px|||&#8220;][\/et_pb_image][et_pb_text _builder_version=&#8220;4.23.1&#8243; _module_preset=&#8220;default&#8220; hover_enabled=&#8220;0&#8243; global_colors_info=&#8220;{}&#8220; theme_builder_area=&#8220;et_body_layout&#8220; sticky_enabled=&#8220;0&#8243; custom_margin=&#8220;||18px|||&#8220;]<\/p>\n<h6><em>Zuchtpilze f\u00fcr den eigenen Garten. Im Bild ein Zitronen-Austernseitling.<\/em><\/h6>\n<p>[\/et_pb_text][et_pb_text _builder_version=&#8220;4.16&#8243; _module_preset=&#8220;default&#8220; global_colors_info=&#8220;{}&#8220; theme_builder_area=&#8220;et_body_layout&#8220;]<\/p>\n<p>Durchaus geeignet f\u00fcr die Zucht in unseren Breiten sind dagegen Pilze, die sich auch f\u00fcr ,Selbstversorger&#8216; eignen und praktisch schon auf jeder Gartenschau pr\u00e4sentiert werden.<\/p>\n<p>Der <strong>Zitronen-Seitling<\/strong> (Pleurotus citrinopileatus) stammt aus Asien und ist ein Holzzersetzer, der auf totem Holz von Laubb\u00e4umen (Ulmen, Eschen, Erlen, Pappeln, Weiden und Buchen) w\u00e4chst und sich vom Lignin ,ern\u00e4hrt&#8216;. Dieser Speisepilz ben\u00f6tigt zur Fruchtbildung allerdings Temperaturen \u00fcber 21\u00b0C und relativ viel Feuchtigkeit, ist aber im oberen Temperaturbereich tolerant. Er wird bei uns auch als Rohstoff f\u00fcr Arzneimittel kultiviert.<\/p>\n<p>&nbsp;<\/p>\n<p>[\/et_pb_text][et_pb_text _builder_version=&#8220;4.23.1&#8243; _module_preset=&#8220;default&#8220; custom_margin=&#8220;||57px|||&#8220; hover_enabled=&#8220;0&#8243; global_colors_info=&#8220;{}&#8220; theme_builder_area=&#8220;et_body_layout&#8220; sticky_enabled=&#8220;0&#8243;]<\/p>\n<h2><span style=\"color: #008000;\">Kunstgenuss f\u00fcr Gem\u00fcsefans<br \/><\/span><\/h2>\n<p><span style=\"color: #008000;\"><\/span><\/p>\n<p>[\/et_pb_text][et_pb_image src=&#8220;https:\/\/lebensgarten.at\/wp-content\/uploads\/2024\/06\/09-Gemuesekunstwerke.png&#8220; _builder_version=&#8220;4.23.1&#8243; _module_preset=&#8220;default&#8220; width=&#8220;100%&#8220; custom_margin=&#8220;||9px|||&#8220; hover_enabled=&#8220;0&#8243; global_colors_info=&#8220;{}&#8220; theme_builder_area=&#8220;et_body_layout&#8220; title_text=&#8220;Gem\u00fcsekunstwerke&#8220; sticky_enabled=&#8220;0&#8243; min_height=&#8220;353px&#8220; custom_padding=&#8220;||1px|||&#8220;][\/et_pb_image][et_pb_text _builder_version=&#8220;4.16&#8243; _module_preset=&#8220;default&#8220; global_colors_info=&#8220;{}&#8220; theme_builder_area=&#8220;et_body_layout&#8220;]<\/p>\n<p>Wie sch\u00f6n Gem\u00fcse pr\u00e4sentiert werden kann, wurde bei der diesj\u00e4hrigen Chelsea Flower Show ebenfalls gezeigt (siehe ,Bilderwand&#8216; oben).<\/p>\n<p>[\/et_pb_text][et_pb_image src=&#8220;https:\/\/lebensgarten.at\/wp-content\/uploads\/2024\/06\/10-Paradeiser-und-Chili.png&#8220; _builder_version=&#8220;4.23.1&#8243; _module_preset=&#8220;default&#8220; width=&#8220;100%&#8220; custom_margin=&#8220;||9px|||&#8220; hover_enabled=&#8220;0&#8243; global_colors_info=&#8220;{}&#8220; theme_builder_area=&#8220;et_body_layout&#8220; title_text=&#8220;Paradeiser und Chili&#8220; sticky_enabled=&#8220;0&#8243; min_height=&#8220;353px&#8220; custom_padding=&#8220;||1px|||&#8220;][\/et_pb_image][et_pb_text _builder_version=&#8220;4.23.1&#8243; _module_preset=&#8220;default&#8220; custom_margin=&#8220;||42px|||&#8220; hover_enabled=&#8220;0&#8243; global_colors_info=&#8220;{}&#8220; theme_builder_area=&#8220;et_body_layout&#8220; sticky_enabled=&#8220;0&#8243;]<\/p>\n<h6><em>So sch\u00f6n kann man Paradeiser (mit und ohne Herz) und<br \/>Chili in Szene setzen &#8230;<br \/><\/em><\/h6>\n<p>[\/et_pb_text][et_pb_image src=&#8220;https:\/\/lebensgarten.at\/wp-content\/uploads\/2024\/06\/11-Komposition-in-Gruen-mit-Kohl-Melone-und-Pfefferoni.png&#8220; _builder_version=&#8220;4.23.1&#8243; _module_preset=&#8220;default&#8220; width=&#8220;100%&#8220; custom_margin=&#8220;||9px|||&#8220; hover_enabled=&#8220;0&#8243; global_colors_info=&#8220;{}&#8220; theme_builder_area=&#8220;et_body_layout&#8220; title_text=&#8220;Komposition in Gr\u00fcn mit Kohl, Melone und Pfefferoni&#8220; sticky_enabled=&#8220;0&#8243; min_height=&#8220;353px&#8220; custom_padding=&#8220;||1px|||&#8220;][\/et_pb_image][et_pb_text _builder_version=&#8220;4.23.1&#8243; _module_preset=&#8220;default&#8220; custom_margin=&#8220;||42px|||&#8220; hover_enabled=&#8220;0&#8243; global_colors_info=&#8220;{}&#8220; theme_builder_area=&#8220;et_body_layout&#8220; sticky_enabled=&#8220;0&#8243;]<\/p>\n<h6><em>&#8230; aber auch die Komposition in Gr\u00fcn mit Kraut, Melone<br \/>und Pfefferoni macht durchaus etwas her.<br \/><\/em><\/h6>\n<p>[\/et_pb_text][et_pb_image src=&#8220;https:\/\/lebensgarten.at\/wp-content\/uploads\/2024\/06\/12-Naturgarten-als-Bienen-und-Insektenparadies.png&#8220; _builder_version=&#8220;4.23.1&#8243; _module_preset=&#8220;default&#8220; width=&#8220;100%&#8220; custom_margin=&#8220;||39px|||&#8220; hover_enabled=&#8220;0&#8243; global_colors_info=&#8220;{}&#8220; theme_builder_area=&#8220;et_body_layout&#8220; title_text=&#8220;Naturgarten als Bienen- und Insektenparadies&#8220; sticky_enabled=&#8220;0&#8243; min_height=&#8220;353px&#8220; custom_padding=&#8220;||1px|||&#8220;][\/et_pb_image][et_pb_text _builder_version=&#8220;4.16&#8243; _module_preset=&#8220;default&#8220; global_colors_info=&#8220;{}&#8220; theme_builder_area=&#8220;et_body_layout&#8220;]<\/p>\n<p>Ein Naturgarten in der Halle, der ein Paradies f\u00fcr Insekten und Liebhaber wild wuchernder Blumen und Gr\u00e4ser zeigte (Bild oben), bildete bei unserem Rundgang einen \u00dcbergang zu verschiedenen Schaug\u00e4rten im Freigel\u00e4nde, die allerdings dieses Jahr teilweise leider durch Verkaufskioske ,verdr\u00e4ngt&#8216; wurden.<\/p>\n<p>Einer dieser Schaug\u00e4rten, die sich gro\u00dfen Publikumsinteresses erfreuten, war ein Garten ganz in Wei\u00df (Bild unten).<\/p>\n<p>[\/et_pb_text][et_pb_image src=&#8220;https:\/\/lebensgarten.at\/wp-content\/uploads\/2024\/06\/13-Schaugarten-im-Freien-ganz-in-Weiss.png&#8220; _builder_version=&#8220;4.23.1&#8243; _module_preset=&#8220;default&#8220; width=&#8220;100%&#8220; custom_margin=&#8220;||26px|||&#8220; hover_enabled=&#8220;0&#8243; global_colors_info=&#8220;{}&#8220; theme_builder_area=&#8220;et_body_layout&#8220; sticky_enabled=&#8220;0&#8243; min_height=&#8220;371px&#8220; custom_padding=&#8220;||1px|||&#8220;][\/et_pb_image][\/et_pb_column][\/et_pb_row][\/et_pb_section]<\/p>\n","protected":false},"excerpt":{"rendered":"<p>Eine bet\u00f6rende Duftwelle rauschte uns entgegen, als wir die Haupthalle der diesj\u00e4hrigen Chelsea Flower Show, die vom 21. bis 25. Mai in London stattfand, betraten. Ein farbenpr\u00e4chtiges Bl\u00fctenmeer verzauberte auch dieses Jahr wieder mehr als 150.000 Gartenfans. Diese internationale Gartenausstellung, die auch die Royals regelm\u00e4\u00dfig besuchen, ist ein ,Mekka&#8216; f\u00fcr alle GartenbesitzerInnen und Pflanzenfreunde aus [&hellip;]<\/p>\n","protected":false},"author":6,"featured_media":3016,"comment_status":"open","ping_status":"open","sticky":false,"template":"","format":"standard","meta":{"_et_pb_use_builder":"on","_et_pb_old_content":"","_et_gb_content_width":"","footnotes":""},"categories":[35,16,29,22,27],"tags":[],"class_list":["post-3015","post","type-post","status-publish","format-standard","has-post-thumbnail","hentry","category-aktuelles","category-allgemein","category-gartentipps","category-pflanzenwissen","category-schaugaerten-ausland"],"_links":{"self":[{"href":"https:\/\/lebensgarten.at\/index.php?rest_route=\/wp\/v2\/posts\/3015"}],"collection":[{"href":"https:\/\/lebensgarten.at\/index.php?rest_route=\/wp\/v2\/posts"}],"about":[{"href":"https:\/\/lebensgarten.at\/index.php?rest_route=\/wp\/v2\/types\/post"}],"author":[{"embeddable":true,"href":"https:\/\/lebensgarten.at\/index.php?rest_route=\/wp\/v2\/users\/6"}],"replies":[{"embeddable":true,"href":"https:\/\/lebensgarten.at\/index.php?rest_route=%2Fwp%2Fv2%2Fcomments&post=3015"}],"version-history":[{"count":11,"href":"https:\/\/lebensgarten.at\/index.php?rest_route=\/wp\/v2\/posts\/3015\/revisions"}],"predecessor-version":[{"id":3049,"href":"https:\/\/lebensgarten.at\/index.php?rest_route=\/wp\/v2\/posts\/3015\/revisions\/3049"}],"wp:featuredmedia":[{"embeddable":true,"href":"https:\/\/lebensgarten.at\/index.php?rest_route=\/wp\/v2\/media\/3016"}],"wp:attachment":[{"href":"https:\/\/lebensgarten.at\/index.php?rest_route=%2Fwp%2Fv2%2Fmedia&parent=3015"}],"wp:term":[{"taxonomy":"category","embeddable":true,"href":"https:\/\/lebensgarten.at\/index.php?rest_route=%2Fwp%2Fv2%2Fcategories&post=3015"},{"taxonomy":"post_tag","embeddable":true,"href":"https:\/\/lebensgarten.at\/index.php?rest_route=%2Fwp%2Fv2%2Ftags&post=3015"}],"curies":[{"name":"wp","href":"https:\/\/api.w.org\/{rel}","templated":true}]}}