{"id":2898,"date":"2023-09-01T13:47:04","date_gmt":"2023-09-01T13:47:04","guid":{"rendered":"https:\/\/lebensgarten.at\/?p=2898"},"modified":"2023-09-01T13:47:04","modified_gmt":"2023-09-01T13:47:04","slug":"oregano-vom-hexenkraut-zum-liebeskraeutlein","status":"publish","type":"post","link":"https:\/\/lebensgarten.at\/?p=2898","title":{"rendered":"Oregano: Vom Hexenkraut zum Liebeskr\u00e4utlein"},"content":{"rendered":"<p>[et_pb_section fb_built=&#8220;1&#8243; _builder_version=&#8220;4.17.4&#8243; _module_preset=&#8220;default&#8220; global_colors_info=&#8220;{}&#8220; theme_builder_area=&#8220;et_body_layout&#8220;][\/et_pb_section][et_pb_section fb_built=&#8220;1&#8243; _builder_version=&#8220;4.16&#8243; _module_preset=&#8220;default&#8220; global_colors_info=&#8220;{}&#8220; theme_builder_area=&#8220;et_body_layout&#8220;][et_pb_row _builder_version=&#8220;4.16&#8243; _module_preset=&#8220;default&#8220; global_colors_info=&#8220;{}&#8220; theme_builder_area=&#8220;et_body_layout&#8220;][et_pb_column type=&#8220;4_4&#8243; _builder_version=&#8220;4.16&#8243; _module_preset=&#8220;default&#8220; global_colors_info=&#8220;{}&#8220; theme_builder_area=&#8220;et_body_layout&#8220;][et_pb_text _builder_version=&#8220;4.16&#8243; _module_preset=&#8220;default&#8220; global_colors_info=&#8220;{}&#8220; theme_builder_area=&#8220;et_body_layout&#8220;]<\/p>\n<div class=\"et_pb_module et_pb_text et_pb_text_2  et_pb_text_align_left et_pb_bg_layout_light\">\n<div class=\"et_pb_text_inner\">\n<p>Urlaub! Ich wei\u00df, dass ich im S\u00fcden angekommen bin, wenn ich in der Toskana \u00fcber die Wiese hinter dem Ferienhaus gehe und den w\u00fcrzigen Duft des hier \u00fcberall wild wachsenden Oreganos einatme. Sofort wird mir wieder klar, warum Oregano fr\u00fcher meist ,Wohlgemut&#8216; genannt wurde. Auch bei mir wirkt schon alleine sein intensiver Geruch stimmungsaufhellend und au\u00dferdem appetitanregend. Im Handumdrehen erscheinen knusprige Pizza und eine langsam geschmorte Lammstelze vor meinem geistigen Auge.<\/p>\n<p>Dabei wird Oregano erst seit relativ kurzer Zeit als Gew\u00fcrz verwendet. In der Antike wurde die Pflanze als Heilmittel bei Entz\u00fcndungen der Atemwege und Verdauungsorgane sowie zur Abwehr von D\u00e4monen verwendet. Im Mittelalter sollte Oregano vor Hexen sch\u00fctzen und den Teufel vertreiben. Sp\u00e4ter wurde aus dem ,Hexenkraut&#8216; ein ,Liebeskr\u00e4utlein&#8216;: Da Oregano die Liebe frisch verheirateter Ehem\u00e4nner festigen sollte, legten Br\u00e4ute ein St\u00e4mmchen Oregano in ihren Schuh oder banden einen Zweig Oregano in den Brautstrau\u00df.<span style=\"font-size: 20px;\">\u00a0<\/span><\/p>\n<\/div>\n<\/div>\n<p>[\/et_pb_text][et_pb_text _builder_version=&#8220;4.21.0&#8243; _module_preset=&#8220;default&#8220; custom_margin=&#8220;||9px|||&#8220; hover_enabled=&#8220;0&#8243; global_colors_info=&#8220;{}&#8220; theme_builder_area=&#8220;et_body_layout&#8220; sticky_enabled=&#8220;0&#8243;]<\/p>\n<h2><span style=\"color: #008000;\">Oregano liebt die Sonne<\/span><\/h2>\n<p>[\/et_pb_text][et_pb_text _builder_version=&#8220;4.16&#8243; _module_preset=&#8220;default&#8220; global_colors_info=&#8220;{}&#8220; theme_builder_area=&#8220;et_body_layout&#8220;]<\/p>\n<p>Der hei\u00dfe und teilweise sehr trockene Sommer war f\u00fcr meine Oreganopfl\u00e4nzchen im Garten ideal. Denn Oregano liebt die Sonne und ben\u00f6tigt nur wenig Wasser. Jetzt, am Ende des Sommers, ist sein Aroma besonders intensiv &#8211; es ist die beste Erntezeit und die beste Gelegenheit &#8211; getrocknet &#8211; einen Vorrat f\u00fcr den Winter anzulegen<\/p>\n<p>[\/et_pb_text][et_pb_text _builder_version=&#8220;4.21.0&#8243; _module_preset=&#8220;default&#8220; custom_margin=&#8220;||9px|||&#8220; hover_enabled=&#8220;0&#8243; global_colors_info=&#8220;{}&#8220; theme_builder_area=&#8220;et_body_layout&#8220; sticky_enabled=&#8220;0&#8243;]<\/p>\n<h2><span style=\"color: #008000;\">Mediterrane Nachbarn<\/span><\/h2>\n<p>[\/et_pb_text][et_pb_text _builder_version=&#8220;4.16&#8243; _module_preset=&#8220;default&#8220; global_colors_info=&#8220;{}&#8220; theme_builder_area=&#8220;et_body_layout&#8220;]<\/p>\n<p>Ideale Pflanznachbarn von Oregano sind andere mediterrane Kr\u00e4uter, wie Rosmarin, Salbei und Ysop. Bei einer Kr\u00e4uterspirale ist der beste Platz f\u00fcr Oregano am h\u00f6chsten Punkt, da er dort der Sonne am n\u00e4chsten ist.<\/p>\n<p>Oregano ist &#8211; au\u00dfer f\u00fcr Pizza und Lammgerichte &#8211; aromatische W\u00fcrze f\u00fcr Nudelsaucen, sommerliche Salate, Schafk\u00e4se und Chilis. Meine pers\u00f6nliche Lieblingssorte ist der ,Griechische Oregano&#8216; (Origanum heracleoticum) mit besonders intensivem Aroma, der fr mich einfach nach Urlaub, Sonne und Meer schmeckt.<\/p>\n<p>&nbsp;<\/p>\n<p>[\/et_pb_text][et_pb_image src=&#8220;https:\/\/lebensgarten.at\/wp-content\/uploads\/2023\/09\/Oregano-klein-400.png&#8220; _builder_version=&#8220;4.21.0&#8243; _module_preset=&#8220;default&#8220; hover_enabled=&#8220;0&#8243; global_colors_info=&#8220;{}&#8220; theme_builder_area=&#8220;et_body_layout&#8220; sticky_enabled=&#8220;0&#8243;][\/et_pb_image][\/et_pb_column][\/et_pb_row][et_pb_row _builder_version=&#8220;4.16&#8243; _module_preset=&#8220;default&#8220; global_colors_info=&#8220;{}&#8220; theme_builder_area=&#8220;et_body_layout&#8220;][et_pb_column type=&#8220;4_4&#8243; _builder_version=&#8220;4.16&#8243; _module_preset=&#8220;default&#8220; global_colors_info=&#8220;{}&#8220; theme_builder_area=&#8220;et_body_layout&#8220;][et_pb_text _builder_version=&#8220;4.17.4&#8243; _module_preset=&#8220;default&#8220; custom_margin=&#8220;||20px|||&#8220; global_colors_info=&#8220;{}&#8220; theme_builder_area=&#8220;et_body_layout&#8220;]<\/p>\n<h2><span style=\"text-decoration: underline;\"><span style=\"color: #008000; text-decoration: underline;\"><br \/>G\u00e4rtnerische Daten:<\/span><\/span><\/h2>\n<p>[\/et_pb_text][et_pb_text _builder_version=&#8220;4.17.4&#8243; _module_preset=&#8220;default&#8220; global_colors_info=&#8220;{}&#8220; theme_builder_area=&#8220;et_body_layout&#8220;]<\/p>\n<div class=\"et_pb_module et_pb_text et_pb_text_2  et_pb_text_align_left et_pb_bg_layout_light\">\n<div class=\"et_pb_text_inner\">\n<p><strong>Name:<\/strong> Oregano \/ Echter Dost, Wohlgemut, Wilder Majoran &#8211; Origanum vulgare <br \/><strong>Wuchs:<\/strong> 25 &#8211; 50 cm<br \/><strong>Bl\u00fcte:<\/strong> Juli bis September; wei\u00df, rosa oder lila<br \/><strong>Duft:<\/strong> intensiv w\u00fcrzig<br \/><strong>Standort\/Boden:<\/strong> sonnig \/ durchl\u00e4ssiger, karger Boden<br \/><strong>Lebenszyklus<\/strong>: mehrj\u00e4hrig, winterhart<br \/><strong>Essbar:<\/strong> Bl\u00e4tter und Bl\u00fcten<br \/><strong>Nutzung:<\/strong> K\u00fcchenkraut, Heilpflanze<\/p>\n<p>&nbsp;<\/p>\n<p>&nbsp;<\/p>\n<p>&nbsp;<\/p>\n<\/div>\n<\/div>\n<p>[\/et_pb_text][\/et_pb_column][\/et_pb_row][\/et_pb_section]<\/p>\n","protected":false},"excerpt":{"rendered":"<p>Urlaub! Ich wei\u00df, dass ich im S\u00fcden angekommen bin, wenn ich in der Toskana \u00fcber die Wiese hinter dem Ferienhaus gehe und den w\u00fcrzigen Duft des hier \u00fcberall wild wachsenden Oreganos einatme. Sofort wird mir wieder klar, warum Oregano fr\u00fcher meist ,Wohlgemut&#8216; genannt wurde. Auch bei mir wirkt schon alleine sein intensiver Geruch stimmungsaufhellend und [&hellip;]<\/p>\n","protected":false},"author":3,"featured_media":2899,"comment_status":"open","ping_status":"open","sticky":false,"template":"","format":"standard","meta":{"_et_pb_use_builder":"on","_et_pb_old_content":"","_et_gb_content_width":"","footnotes":""},"categories":[35,16,11,12,22],"tags":[],"class_list":["post-2898","post","type-post","status-publish","format-standard","has-post-thumbnail","hentry","category-aktuelles","category-allgemein","category-duftgarten","category-duftpflanzen","category-pflanzenwissen"],"_links":{"self":[{"href":"https:\/\/lebensgarten.at\/index.php?rest_route=\/wp\/v2\/posts\/2898"}],"collection":[{"href":"https:\/\/lebensgarten.at\/index.php?rest_route=\/wp\/v2\/posts"}],"about":[{"href":"https:\/\/lebensgarten.at\/index.php?rest_route=\/wp\/v2\/types\/post"}],"author":[{"embeddable":true,"href":"https:\/\/lebensgarten.at\/index.php?rest_route=\/wp\/v2\/users\/3"}],"replies":[{"embeddable":true,"href":"https:\/\/lebensgarten.at\/index.php?rest_route=%2Fwp%2Fv2%2Fcomments&post=2898"}],"version-history":[{"count":2,"href":"https:\/\/lebensgarten.at\/index.php?rest_route=\/wp\/v2\/posts\/2898\/revisions"}],"predecessor-version":[{"id":2903,"href":"https:\/\/lebensgarten.at\/index.php?rest_route=\/wp\/v2\/posts\/2898\/revisions\/2903"}],"wp:featuredmedia":[{"embeddable":true,"href":"https:\/\/lebensgarten.at\/index.php?rest_route=\/wp\/v2\/media\/2899"}],"wp:attachment":[{"href":"https:\/\/lebensgarten.at\/index.php?rest_route=%2Fwp%2Fv2%2Fmedia&parent=2898"}],"wp:term":[{"taxonomy":"category","embeddable":true,"href":"https:\/\/lebensgarten.at\/index.php?rest_route=%2Fwp%2Fv2%2Fcategories&post=2898"},{"taxonomy":"post_tag","embeddable":true,"href":"https:\/\/lebensgarten.at\/index.php?rest_route=%2Fwp%2Fv2%2Ftags&post=2898"}],"curies":[{"name":"wp","href":"https:\/\/api.w.org\/{rel}","templated":true}]}}