{"id":2570,"date":"2022-12-09T12:51:01","date_gmt":"2022-12-09T12:51:01","guid":{"rendered":"https:\/\/lebensgarten.at\/?p=2570"},"modified":"2022-12-09T12:51:01","modified_gmt":"2022-12-09T12:51:01","slug":"verdurstet-oder-erfroren","status":"publish","type":"post","link":"https:\/\/lebensgarten.at\/?p=2570","title":{"rendered":"Verdurstet oder erfroren?"},"content":{"rendered":"<p>[et_pb_section fb_built=&#8220;1&#8243; theme_builder_area=&#8220;post_content&#8220; _builder_version=&#8220;4.17.4&#8243; _module_preset=&#8220;default&#8220;][\/et_pb_section][et_pb_section fb_built=&#8220;1&#8243; _builder_version=&#8220;4.17.4&#8243; _module_preset=&#8220;default&#8220; global_colors_info=&#8220;{}&#8220; theme_builder_area=&#8220;et_body_layout&#8220;][\/et_pb_section][et_pb_section fb_built=&#8220;1&#8243; _builder_version=&#8220;4.16&#8243; _module_preset=&#8220;default&#8220; global_colors_info=&#8220;{}&#8220; theme_builder_area=&#8220;et_body_layout&#8220;][et_pb_row _builder_version=&#8220;4.16&#8243; _module_preset=&#8220;default&#8220; global_colors_info=&#8220;{}&#8220; theme_builder_area=&#8220;et_body_layout&#8220;][et_pb_column type=&#8220;4_4&#8243; _builder_version=&#8220;4.16&#8243; _module_preset=&#8220;default&#8220; global_colors_info=&#8220;{}&#8220; theme_builder_area=&#8220;et_body_layout&#8220;][et_pb_text _builder_version=&#8220;4.16&#8243; _module_preset=&#8220;default&#8220; global_colors_info=&#8220;{}&#8220; theme_builder_area=&#8220;et_body_layout&#8220;]<\/p>\n<div class=\"et_pb_module et_pb_text et_pb_text_2  et_pb_text_align_left et_pb_bg_layout_light\">\n<div class=\"et_pb_text_inner\">\n<p>Der Schock kommt meist nach dem Winter, wenn man voller Vorfreude durch den Garten geht und bemerkt, dass die immergr\u00fcnen Pflanzen pl\u00f6tzlich braunes Laub haben. Was ist passiert? Sind die Pflanzen erfroren, hat ihnen der eisige Wind zugesetzt oder haben sie eine Krankheit? Sind sie noch zu retten?<\/p>\n<p>Die gute Nachricht zuerst: In vielen F\u00e4llen sieht der Schaden auf den ersten Blick schlimmer aus, als er ist \u2013 ein kr\u00e4ftiger R\u00fcckschnitt (nicht zu fr\u00fch, etwa im Mai) hilft meist, dass die Stauden und Str\u00e4ucher wieder austreiben und sich in den n\u00e4chsten Monaten gut erholt pr\u00e4sentieren.<\/p>\n<\/div>\n<\/div>\n<p>[\/et_pb_text][et_pb_text _builder_version=&#8220;4.17.4&#8243; _module_preset=&#8220;default&#8220; custom_margin=&#8220;||10px|||&#8220; hover_enabled=&#8220;0&#8243; global_colors_info=&#8220;{}&#8220; theme_builder_area=&#8220;et_body_layout&#8220; sticky_enabled=&#8220;0&#8243;]<\/p>\n<div class=\"et_pb_module et_pb_text et_pb_text_2  et_pb_text_align_left et_pb_bg_layout_light\">\n<div class=\"et_pb_text_inner\">\n<h2><span style=\"color: #006317;\">Durst kann t\u00f6dlich sein<\/span><\/h2>\n<\/div>\n<\/div>\n<p>[\/et_pb_text][et_pb_text _builder_version=&#8220;4.16&#8243; _module_preset=&#8220;default&#8220; global_colors_info=&#8220;{}&#8220; theme_builder_area=&#8220;et_body_layout&#8220;]<\/p>\n<div class=\"et_pb_module et_pb_text et_pb_text_2  et_pb_text_align_left et_pb_bg_layout_light\">\n<div class=\"et_pb_text_inner\">\n<p>Die schlechte Nachricht: Wenn man einen Zweig eines ,Immergr\u00fcnen\u2019 mit einem spitzen scharfen Messer vorsichtig einritzt und man kann keine gr\u00fcne Rinde mehr erkennen, sondern nur ausgetrocknetes Holz, dann ist es meist zu sp\u00e4t f\u00fcr Optimismus.<\/p>\n<p>In vielen F\u00e4llen ist die Pflanze jedoch nicht erfroren, sondern einfach vertrocknet. Immergr\u00fcne Pflanzen ben\u00f6tigen n\u00e4mlich auch im Winter immer wieder Wasser \u2013 entweder durch Regen oder von der Gie\u00dfkanne: Vor allem, wenn in einem trockenen Winter die Sonne scheint, verdunsten die Pflanzen \u00fcber ihre Bl\u00e4tter relativ viel Wasser, das sie sich \u00fcber einen trockenen Boden nicht holen k\u00f6nnen.<\/p>\n<\/div>\n<\/div>\n<p>[\/et_pb_text][et_pb_text _builder_version=&#8220;4.17.4&#8243; _module_preset=&#8220;default&#8220; custom_margin=&#8220;||10px|||&#8220; hover_enabled=&#8220;0&#8243; global_colors_info=&#8220;{}&#8220; theme_builder_area=&#8220;et_body_layout&#8220; sticky_enabled=&#8220;0&#8243;]<\/p>\n<div class=\"et_pb_module et_pb_text et_pb_text_2  et_pb_text_align_left et_pb_bg_layout_light\">\n<div class=\"et_pb_text_inner\">\n<h2><span style=\"color: #006317;\">Nat\u00fcrlicher Schutzmechanismus<\/span><\/h2>\n<\/div>\n<\/div>\n<p>[\/et_pb_text][et_pb_text _builder_version=&#8220;4.16&#8243; _module_preset=&#8220;default&#8220; global_colors_info=&#8220;{}&#8220; theme_builder_area=&#8220;et_body_layout&#8220;]<\/p>\n<div class=\"et_pb_module et_pb_text et_pb_text_2  et_pb_text_align_left et_pb_bg_layout_light\">\n<div class=\"et_pb_text_inner\">\n<p>Die immergr\u00fcnen Pflanzen haben jedoch einen Schutzmechanismus entwickelt, wie sie eine gewisse Zeit mit wenig Wasser auskommen k\u00f6nnen: Sie rollen ihre Bl\u00e4tter ein und geben damit nicht nur der Sonne weniger Angriffsfl\u00e4che, sondern reduzieren auch die Verdunstung.<\/p>\n<\/div>\n<\/div>\n<p>[\/et_pb_text][et_pb_text _builder_version=&#8220;4.17.4&#8243; _module_preset=&#8220;default&#8220; custom_margin=&#8220;||10px|||&#8220; hover_enabled=&#8220;0&#8243; global_colors_info=&#8220;{}&#8220; theme_builder_area=&#8220;et_body_layout&#8220; sticky_enabled=&#8220;0&#8243;]<\/p>\n<div class=\"et_pb_module et_pb_text et_pb_text_2  et_pb_text_align_left et_pb_bg_layout_light\">\n<div class=\"et_pb_text_inner\">\n<h2><span style=\"color: #006317;\">Frostfreie Tage n\u00fctzen<\/span><\/h2>\n<\/div>\n<\/div>\n<p>[\/et_pb_text][et_pb_text _builder_version=&#8220;4.16&#8243; _module_preset=&#8220;default&#8220; global_colors_info=&#8220;{}&#8220; theme_builder_area=&#8220;et_body_layout&#8220;]<\/p>\n<div class=\"et_pb_module et_pb_text et_pb_text_2  et_pb_text_align_left et_pb_bg_layout_light\">\n<div class=\"et_pb_text_inner\">\n<p>Immer dann, wenn frostfreie Tage in Sicht sind, sollte man diese daf\u00fcr n\u00fctzen, die immergr\u00fcnen Pflanzen zu gie\u00dfen \u2013 nicht zu oft, aber wenn, dann nicht zu wenig, damit das Wasser auch in tiefere Erdschichten vordringen kann.<span style=\"font-size: 20px;\">\u00a0<\/span><\/p>\n<\/div>\n<\/div>\n<p>[\/et_pb_text][et_pb_text _builder_version=&#8220;4.17.4&#8243; _module_preset=&#8220;default&#8220; custom_margin=&#8220;||10px|||&#8220; hover_enabled=&#8220;0&#8243; global_colors_info=&#8220;{}&#8220; theme_builder_area=&#8220;et_body_layout&#8220; sticky_enabled=&#8220;0&#8243; custom_padding=&#8220;2px||2px|||&#8220;]<\/p>\n<div class=\"et_pb_module et_pb_text et_pb_text_2  et_pb_text_align_left et_pb_bg_layout_light\">\n<div class=\"et_pb_text_inner\">\n<h2><span style=\"color: #006317;\">Vorsicht bei K\u00fcbelpflanzen<\/span><\/h2>\n<\/div>\n<\/div>\n<p>[\/et_pb_text][et_pb_text _builder_version=&#8220;4.16&#8243; _module_preset=&#8220;default&#8220; global_colors_info=&#8220;{}&#8220; theme_builder_area=&#8220;et_body_layout&#8220;]<\/p>\n<div class=\"et_pb_module et_pb_text et_pb_text_2  et_pb_text_align_left et_pb_bg_layout_light\">\n<div class=\"et_pb_text_inner\">\n<p>Bei K\u00fcbelpflanzen sollte man jedoch sparsamer mit dem Wasser sein, damit keine Staun\u00e4sse entsteht. Diese lieben die meisten Pflanzen schon im Sommer nicht, aber im Winter kann das \u00fcbersch\u00fcssige Wasser im K\u00fcbel zu einem ,Eisblock\u2019 frieren und dabei nicht nur die Wurzeln, sondern auch den Topf zerst\u00f6ren.<\/p>\n<p>&nbsp;<\/p>\n<p>&nbsp;<\/p>\n<p>&nbsp;<\/p>\n<\/div>\n<\/div>\n<p>[\/et_pb_text][\/et_pb_column][\/et_pb_row][\/et_pb_section]<\/p>\n","protected":false},"excerpt":{"rendered":"<p>Der Schock kommt meist nach dem Winter, wenn man voller Vorfreude durch den Garten geht und bemerkt, dass die immergr\u00fcnen Pflanzen pl\u00f6tzlich braunes Laub haben. Was ist passiert? Sind die Pflanzen erfroren, hat ihnen der eisige Wind zugesetzt oder haben sie eine Krankheit? Sind sie noch zu retten? Die gute Nachricht zuerst: In vielen F\u00e4llen [&hellip;]<\/p>\n","protected":false},"author":2,"featured_media":2571,"comment_status":"open","ping_status":"open","sticky":false,"template":"","format":"standard","meta":{"_et_pb_use_builder":"on","_et_pb_old_content":"","_et_gb_content_width":"","footnotes":""},"categories":[35,16,17,29,22],"tags":[],"class_list":["post-2570","post","type-post","status-publish","format-standard","has-post-thumbnail","hentry","category-aktuelles","category-allgemein","category-balkon-und-terrasse","category-gartentipps","category-pflanzenwissen"],"_links":{"self":[{"href":"https:\/\/lebensgarten.at\/index.php?rest_route=\/wp\/v2\/posts\/2570"}],"collection":[{"href":"https:\/\/lebensgarten.at\/index.php?rest_route=\/wp\/v2\/posts"}],"about":[{"href":"https:\/\/lebensgarten.at\/index.php?rest_route=\/wp\/v2\/types\/post"}],"author":[{"embeddable":true,"href":"https:\/\/lebensgarten.at\/index.php?rest_route=\/wp\/v2\/users\/2"}],"replies":[{"embeddable":true,"href":"https:\/\/lebensgarten.at\/index.php?rest_route=%2Fwp%2Fv2%2Fcomments&post=2570"}],"version-history":[{"count":3,"href":"https:\/\/lebensgarten.at\/index.php?rest_route=\/wp\/v2\/posts\/2570\/revisions"}],"predecessor-version":[{"id":2576,"href":"https:\/\/lebensgarten.at\/index.php?rest_route=\/wp\/v2\/posts\/2570\/revisions\/2576"}],"wp:featuredmedia":[{"embeddable":true,"href":"https:\/\/lebensgarten.at\/index.php?rest_route=\/wp\/v2\/media\/2571"}],"wp:attachment":[{"href":"https:\/\/lebensgarten.at\/index.php?rest_route=%2Fwp%2Fv2%2Fmedia&parent=2570"}],"wp:term":[{"taxonomy":"category","embeddable":true,"href":"https:\/\/lebensgarten.at\/index.php?rest_route=%2Fwp%2Fv2%2Fcategories&post=2570"},{"taxonomy":"post_tag","embeddable":true,"href":"https:\/\/lebensgarten.at\/index.php?rest_route=%2Fwp%2Fv2%2Ftags&post=2570"}],"curies":[{"name":"wp","href":"https:\/\/api.w.org\/{rel}","templated":true}]}}