{"id":2557,"date":"2022-11-18T08:35:29","date_gmt":"2022-11-18T08:35:29","guid":{"rendered":"https:\/\/lebensgarten.at\/?p=2557"},"modified":"2022-11-18T08:37:18","modified_gmt":"2022-11-18T08:37:18","slug":"winterstiefel-fuer-die-rosen","status":"publish","type":"post","link":"https:\/\/lebensgarten.at\/?p=2557","title":{"rendered":"Winterstiefel f\u00fcr die Rosen"},"content":{"rendered":"<p>[et_pb_section fb_built=&#8220;1&#8243; theme_builder_area=&#8220;post_content&#8220; _builder_version=&#8220;4.17.4&#8243; _module_preset=&#8220;default&#8220;][\/et_pb_section][et_pb_section fb_built=&#8220;1&#8243; _builder_version=&#8220;4.16&#8243; _module_preset=&#8220;default&#8220; global_colors_info=&#8220;{}&#8220; theme_builder_area=&#8220;et_body_layout&#8220;][et_pb_row _builder_version=&#8220;4.16&#8243; _module_preset=&#8220;default&#8220; global_colors_info=&#8220;{}&#8220; theme_builder_area=&#8220;et_body_layout&#8220;][et_pb_column type=&#8220;4_4&#8243; _builder_version=&#8220;4.16&#8243; _module_preset=&#8220;default&#8220; global_colors_info=&#8220;{}&#8220; theme_builder_area=&#8220;et_body_layout&#8220;][et_pb_text _builder_version=&#8220;4.16&#8243; _module_preset=&#8220;default&#8220; global_colors_info=&#8220;{}&#8220; theme_builder_area=&#8220;et_body_layout&#8220;]<\/p>\n<div class=\"et_pb_module et_pb_text et_pb_text_2  et_pb_text_align_left et_pb_bg_layout_light\">\n<div class=\"et_pb_text_inner\">\n<p>Jetzt wird es Ernst: Nach wochenlangem Sch\u00f6nwetter-Herbst mit \u00fcppig bl\u00fchenden Pflanzen und Sonnenschein, klopft der Winter an unsere Gartent\u00fcr und es wird h\u00f6chste Zeit, unseren geliebten Rosen ,Winterstiefel\u2019 anzulegen, damit sie ohne Sch\u00e4den durch den Winter kommen und uns in einigen Monaten wieder mit ihrer duftenden Bl\u00fctenpracht erfreuen k\u00f6nnen.<\/p>\n<p>Damit dieser Winterschutz f\u00fcr die Rosen auch tats\u00e4chlich ein Schutz ist und nicht eine Brutst\u00e4tte f\u00fcr sch\u00e4dliche Pilzkrankheiten, sollten wir darauf achten, dass wir zuerst rund um die aus der Erde ragenden St\u00e4mme Laub und Unkraut entfernen \u2013 und ganz besonders vor allem darauf achten, dass keine Bl\u00e4tter mit Rosenrost oder Sternru\u00dftau liegen bleiben.<\/p>\n<p><strong>Wichtig:<\/strong> Von Krankheiten befallene Bl\u00e4tter keinesfalls zum Kompost geben, sondern immer mit dem Hausm\u00fcll entsorgen!<\/p>\n<\/div>\n<\/div>\n<p>[\/et_pb_text][et_pb_image src=&#8220;https:\/\/lebensgarten.at\/wp-content\/uploads\/2022\/11\/Rosen-angehaeufelt_400pixel.png&#8220; _builder_version=&#8220;4.17.4&#8243; _module_preset=&#8220;default&#8220; hover_enabled=&#8220;0&#8243; global_colors_info=&#8220;{}&#8220; theme_builder_area=&#8220;et_body_layout&#8220; sticky_enabled=&#8220;0&#8243;][\/et_pb_image][\/et_pb_column][\/et_pb_row][et_pb_row _builder_version=&#8220;4.16&#8243; _module_preset=&#8220;default&#8220; global_colors_info=&#8220;{}&#8220; theme_builder_area=&#8220;et_body_layout&#8220;][et_pb_column type=&#8220;4_4&#8243; _builder_version=&#8220;4.16&#8243; _module_preset=&#8220;default&#8220; global_colors_info=&#8220;{}&#8220; theme_builder_area=&#8220;et_body_layout&#8220;][et_pb_text _builder_version=&#8220;4.17.4&#8243; _module_preset=&#8220;default&#8220; text_font_size=&#8220;16px&#8220; max_width=&#8220;400px&#8220; hover_enabled=&#8220;0&#8243; global_colors_info=&#8220;{}&#8220; theme_builder_area=&#8220;et_body_layout&#8220; sticky_enabled=&#8220;0&#8243;]<\/p>\n<p><em><span>Rosenst\u00f6cke zuerst mit Gartenerde ,anh\u00e4ufeln\u2019 \u2026<\/span><\/em><\/p>\n<p>[\/et_pb_text][et_pb_text _builder_version=&#8220;4.17.4&#8243; _module_preset=&#8220;default&#8220; hover_enabled=&#8220;0&#8243; global_colors_info=&#8220;{}&#8220; theme_builder_area=&#8220;et_body_layout&#8220; sticky_enabled=&#8220;0&#8243; custom_margin=&#8220;||9px|||&#8220;]<\/p>\n<h2><span style=\"color: #008000;\">Mit Erde anh\u00e4ufeln<\/span><\/h2>\n<p>[\/et_pb_text][et_pb_text _builder_version=&#8220;4.16&#8243; _module_preset=&#8220;default&#8220; global_colors_info=&#8220;{}&#8220; theme_builder_area=&#8220;et_body_layout&#8220;]<\/p>\n<p><strong><span>Wichtig:<\/span><\/strong> Nachdem der Boden ,geputzt\u2019 ist, NICHT mit Rindenmulch oder Laub abdecken, da sich darunter wahre Brutherde f\u00fcr Pilzkrankheiten bilden k\u00f6nnen.<br \/>Am besten ist es, die Rosenst\u00e4mme mit ganz normaler Gartenerde (nicht mit Kompost!) bis \u00fcber die Veredelung, also etwa 15 cm hoch, zu bedecken (= ,anh\u00e4ufeln\u2019).<strong><span><br \/><\/span><\/strong><\/p>\n<p>[\/et_pb_text][et_pb_image src=&#8220;https:\/\/lebensgarten.at\/wp-content\/uploads\/2022\/11\/Rosen-mit-Reisig.png&#8220; _builder_version=&#8220;4.17.4&#8243; _module_preset=&#8220;default&#8220; hover_enabled=&#8220;0&#8243; global_colors_info=&#8220;{}&#8220; theme_builder_area=&#8220;et_body_layout&#8220; sticky_enabled=&#8220;0&#8243; custom_margin=&#8220;||7px|||&#8220;][\/et_pb_image][et_pb_text _builder_version=&#8220;4.17.4&#8243; _module_preset=&#8220;default&#8220; text_font_size=&#8220;16px&#8220; max_width=&#8220;400px&#8220; hover_enabled=&#8220;0&#8243; global_colors_info=&#8220;{}&#8220; theme_builder_area=&#8220;et_body_layout&#8220; sticky_enabled=&#8220;0&#8243; custom_margin=&#8220;||90px|||&#8220;]<\/p>\n<p><em><span>\u2026 und dann mit Reisig noch zus\u00e4tzlich abdecken.<\/span><\/em><\/p>\n<p>[\/et_pb_text][et_pb_text _builder_version=&#8220;4.17.4&#8243; _module_preset=&#8220;default&#8220; hover_enabled=&#8220;0&#8243; global_colors_info=&#8220;{}&#8220; theme_builder_area=&#8220;et_body_layout&#8220; sticky_enabled=&#8220;0&#8243; custom_margin=&#8220;||9px|||&#8220;]<\/p>\n<h2><span style=\"color: #008000;\">Reisig sch\u00fctzt zus\u00e4tzlich<\/span><\/h2>\n<p>[\/et_pb_text][et_pb_text _builder_version=&#8220;4.16&#8243; _module_preset=&#8220;default&#8220; global_colors_info=&#8220;{}&#8220; theme_builder_area=&#8220;et_body_layout&#8220;]<\/p>\n<div class=\"et_pb_module et_pb_text et_pb_text_2  et_pb_text_align_left et_pb_bg_layout_light\">\n<div class=\"et_pb_text_inner\">\n<p>Empfindlichere Rosensorten kann man zus\u00e4tzlich noch mit Reisig vor strengem Frost, eisigem Winterwind, Sonneneinstrahlung und Austrocknung sch\u00fctzen. Dabei ist es vorteilhaft, die Reisig\u00e4ste zwischen den Rosenst\u00e4mmen ,einzuf\u00e4deln\u2019, damit sie nicht vom Wind weggeweht werden.<\/p>\n<\/div>\n<\/div>\n<p>[\/et_pb_text][et_pb_text _builder_version=&#8220;4.17.4&#8243; _module_preset=&#8220;default&#8220; hover_enabled=&#8220;0&#8243; global_colors_info=&#8220;{}&#8220; theme_builder_area=&#8220;et_body_layout&#8220; sticky_enabled=&#8220;0&#8243; custom_margin=&#8220;||9px|||&#8220; custom_padding=&#8220;1px|||||&#8220;]<\/p>\n<h2><span style=\"color: #008000;\">R\u00fcckschnitt im Fr\u00fchling<\/span><\/h2>\n<p>[\/et_pb_text][et_pb_text _builder_version=&#8220;4.16&#8243; _module_preset=&#8220;default&#8220; global_colors_info=&#8220;{}&#8220; theme_builder_area=&#8220;et_body_layout&#8220;]<\/p>\n<div class=\"et_pb_module et_pb_text et_pb_text_2  et_pb_text_align_left et_pb_bg_layout_light\">\n<div class=\"et_pb_text_inner\">\n<p>Ein vorwinterlicher R\u00fcckschnitt ist bei Rosen nicht notwendig \u2013 au\u00dfer es sind Triebe stark von Sch\u00e4dlingen befallen oder es sind noch vertrocknete Bl\u00fcten vorhanden, die unansehnlich sind.<br \/>Wenn man jetzt die Rosen n\u00e4mlich zu stark zur\u00fcckschneidet und es kommen noch warme Wetterperioden, kann es sein, dass sie nochmals austreiben und diese Triebe dann beim n\u00e4chsten Frost abfrieren. Au\u00dferdem fungieren ,alte\u2019 kr\u00e4ftige Rosentriebe als ,Kraftreserve\u2019 f\u00fcr die Winterzeit.<\/p>\n<\/div>\n<\/div>\n<p>[\/et_pb_text][et_pb_image src=&#8220;https:\/\/lebensgarten.at\/wp-content\/uploads\/2022\/11\/Hagebutten_b1.png&#8220; _builder_version=&#8220;4.17.4&#8243; _module_preset=&#8220;default&#8220; hover_enabled=&#8220;0&#8243; global_colors_info=&#8220;{}&#8220; theme_builder_area=&#8220;et_body_layout&#8220; sticky_enabled=&#8220;0&#8243; custom_margin=&#8220;||7px|||&#8220; custom_padding=&#8220;||28px|||&#8220;][\/et_pb_image][et_pb_text _builder_version=&#8220;4.16&#8243; _module_preset=&#8220;default&#8220; global_colors_info=&#8220;{}&#8220; theme_builder_area=&#8220;et_body_layout&#8220;]<\/p>\n<div class=\"et_pb_module et_pb_text et_pb_text_2  et_pb_text_align_left et_pb_bg_layout_light\">\n<div class=\"et_pb_text_inner\">\n<p><span>Und wenn die Rosen Hagebutten gebildet haben, sind diese nicht nur eine Zierde, sondern auch ein begehrtes Winter-Futter f\u00fcr unsere gefiederten Gartenfreunde.<\/span><\/p>\n<p><span>\u00a0<\/span><\/p>\n<\/div>\n<\/div>\n<p>[\/et_pb_text][\/et_pb_column][\/et_pb_row][\/et_pb_section]<\/p>\n","protected":false},"excerpt":{"rendered":"<p>Jetzt wird es Ernst: Nach wochenlangem Sch\u00f6nwetter-Herbst mit \u00fcppig bl\u00fchenden Pflanzen und Sonnenschein, klopft der Winter an unsere Gartent\u00fcr und es wird h\u00f6chste Zeit, unseren geliebten Rosen ,Winterstiefel\u2019 anzulegen, damit sie ohne Sch\u00e4den durch den Winter kommen und uns in einigen Monaten wieder mit ihrer duftenden Bl\u00fctenpracht erfreuen k\u00f6nnen. Damit dieser Winterschutz f\u00fcr die Rosen [&hellip;]<\/p>\n","protected":false},"author":2,"featured_media":2558,"comment_status":"open","ping_status":"open","sticky":false,"template":"","format":"standard","meta":{"_et_pb_use_builder":"on","_et_pb_old_content":"","_et_gb_content_width":"","footnotes":""},"categories":[35,16,29,22],"tags":[],"class_list":["post-2557","post","type-post","status-publish","format-standard","has-post-thumbnail","hentry","category-aktuelles","category-allgemein","category-gartentipps","category-pflanzenwissen"],"_links":{"self":[{"href":"https:\/\/lebensgarten.at\/index.php?rest_route=\/wp\/v2\/posts\/2557"}],"collection":[{"href":"https:\/\/lebensgarten.at\/index.php?rest_route=\/wp\/v2\/posts"}],"about":[{"href":"https:\/\/lebensgarten.at\/index.php?rest_route=\/wp\/v2\/types\/post"}],"author":[{"embeddable":true,"href":"https:\/\/lebensgarten.at\/index.php?rest_route=\/wp\/v2\/users\/2"}],"replies":[{"embeddable":true,"href":"https:\/\/lebensgarten.at\/index.php?rest_route=%2Fwp%2Fv2%2Fcomments&post=2557"}],"version-history":[{"count":4,"href":"https:\/\/lebensgarten.at\/index.php?rest_route=\/wp\/v2\/posts\/2557\/revisions"}],"predecessor-version":[{"id":2567,"href":"https:\/\/lebensgarten.at\/index.php?rest_route=\/wp\/v2\/posts\/2557\/revisions\/2567"}],"wp:featuredmedia":[{"embeddable":true,"href":"https:\/\/lebensgarten.at\/index.php?rest_route=\/wp\/v2\/media\/2558"}],"wp:attachment":[{"href":"https:\/\/lebensgarten.at\/index.php?rest_route=%2Fwp%2Fv2%2Fmedia&parent=2557"}],"wp:term":[{"taxonomy":"category","embeddable":true,"href":"https:\/\/lebensgarten.at\/index.php?rest_route=%2Fwp%2Fv2%2Fcategories&post=2557"},{"taxonomy":"post_tag","embeddable":true,"href":"https:\/\/lebensgarten.at\/index.php?rest_route=%2Fwp%2Fv2%2Ftags&post=2557"}],"curies":[{"name":"wp","href":"https:\/\/api.w.org\/{rel}","templated":true}]}}