{"id":2549,"date":"2022-11-17T11:01:52","date_gmt":"2022-11-17T11:01:52","guid":{"rendered":"https:\/\/lebensgarten.at\/?p=2549"},"modified":"2022-11-17T11:01:52","modified_gmt":"2022-11-17T11:01:52","slug":"mein-freund-fritzi","status":"publish","type":"post","link":"https:\/\/lebensgarten.at\/?p=2549","title":{"rendered":"Mein Freund Fritzi"},"content":{"rendered":"<p>[et_pb_section fb_built=&#8220;1&#8243; theme_builder_area=&#8220;post_content&#8220; _builder_version=&#8220;4.17.4&#8243; _module_preset=&#8220;default&#8220;][\/et_pb_section][et_pb_section fb_built=&#8220;1&#8243; _builder_version=&#8220;4.16&#8243; _module_preset=&#8220;default&#8220; global_colors_info=&#8220;{}&#8220; theme_builder_area=&#8220;et_body_layout&#8220;][et_pb_row _builder_version=&#8220;4.16&#8243; _module_preset=&#8220;default&#8220; global_colors_info=&#8220;{}&#8220; theme_builder_area=&#8220;et_body_layout&#8220;][et_pb_column type=&#8220;4_4&#8243; _builder_version=&#8220;4.16&#8243; _module_preset=&#8220;default&#8220; global_colors_info=&#8220;{}&#8220; theme_builder_area=&#8220;et_body_layout&#8220;][et_pb_text _builder_version=&#8220;4.16&#8243; _module_preset=&#8220;default&#8220; global_colors_info=&#8220;{}&#8220; theme_builder_area=&#8220;et_body_layout&#8220;]<\/p>\n<div class=\"et_pb_module et_pb_text et_pb_text_2  et_pb_text_align_left et_pb_bg_layout_light\">\n<div class=\"et_pb_text_inner\">\n<p>Ich war vier und tobte durch das Paradies meiner Kindheit, den Garten meiner Gro\u00dfmutter. Eine stachelige Kugel stoppte mich &#8211; ich machte Bekanntschaft mit meinem ersten Igel, einem Lebewesen, das ich bis dahin nur aus Bilderb\u00fcchern kannte. Und neben dem Igel sah ich auf der Wiese einen dunklen Fleck. War das etwa Blut?<\/p>\n<p>Aufgeregt rannte ich zu meiner Gro\u00dfmutter, die mit mir in den Garten lief und meine Bef\u00fcrchtung best\u00e4tigte, dass der Igel verletzt war und blutete. Sofort wurden &#8222;Erste Hilfe-Ma\u00dfnahmen&#8220; eingeleitet. Ich durfte dem Igel ein kleines Sch\u00fcsserl mit Wasser bringen und meine Gro\u00dfmutter kochte ein Ei, das ich der ,Stachelkugel\u2019 servieren durfte. Aber trotz des Leckerbissens und der k\u00fchlen Erfrischung blieb der Kopf meines Freundes Fritzi, wie ich ihn inzwischen &#8222;getauft&#8220; hatte, unsichtbar.<\/p>\n<p>Am n\u00e4chsten Morgen war allerdings das Ei verschwunden, das Wassersch\u00fcsserl leer und Fritzi einige Meter weiter in Kugelstellung eingerollt. Meine Oma und ich wiederholten die &#8222;Wasser-Eier-Kur&#8220; und mehrmals besuchte ich Fritzi w\u00e4hrend des Tages, um zu sehen, ob er sich st\u00e4rkte. Aber er blieb tags\u00fcber eine stachelige Kugel und gab seine Abwehrstellung anscheinend immer erst w\u00e4hrend der Nachtstunden auf, um zu trinken, zu fressen und einige Meter weiter durch den Garten zu marschieren. Wir setzten noch einige Tage unser ,Men\u00fc\u2019 fort und ich betreute Fritzi w\u00e4hrend dieser Zeit durch Geschichten, die ich ihm erz\u00e4hlte, um ihm so das Gef\u00fchl zu geben, dass er nicht alleine war. Vermutlich w\u00e4re er dies allerdings gerne gewesen.<\/p>\n<p>Und eines Morgens war Fritzi nicht mehr da. Meine Gro\u00dfmutter erz\u00e4hlte mir, dass sie ihn am fr\u00fchen Morgen gesehen hatte, wie er putzmunter durch den Garten lief und anscheinend wieder ganz gesund war.<\/p>\n<\/div>\n<\/div>\n<p>[\/et_pb_text][et_pb_text _builder_version=&#8220;4.17.4&#8243; _module_preset=&#8220;default&#8220; hover_enabled=&#8220;0&#8243; global_colors_info=&#8220;{}&#8220; theme_builder_area=&#8220;et_body_layout&#8220; sticky_enabled=&#8220;0&#8243; custom_margin=&#8220;||10px|||&#8220;]<\/p>\n<div class=\"et_pb_module et_pb_text et_pb_text_2  et_pb_text_align_left et_pb_bg_layout_light\">\n<div class=\"et_pb_text_inner\">\n<h2><span style=\"color: #006317;\">Igel lieben Wildnis<\/span><\/h2>\n<\/div>\n<\/div>\n<p>[\/et_pb_text][et_pb_text _builder_version=&#8220;4.16&#8243; _module_preset=&#8220;default&#8220; global_colors_info=&#8220;{}&#8220; theme_builder_area=&#8220;et_body_layout&#8220;]<\/p>\n<div class=\"et_pb_module et_pb_text et_pb_text_2  et_pb_text_align_left et_pb_bg_layout_light\">\n<div class=\"et_pb_text_inner\">\n<p>Ich freue mich jedenfalls seit meinen Kindheitstagen, wenn ich einen Igel im Garten sehe, da ich dann immer an meine Gro\u00dfmutter und unsere gemeinsame ,Rettungsaktion\u2019 denke.<br \/>Deshalb bleibt im Herbst und Winter ein Teil meines Gartens ganz bewusst ein St\u00fcck Wildnis mit kleinen Laubhaufen und von den B\u00e4umen gefallenen Reisigzweigen, damit sich Igel darunter zur\u00fcckziehen und in Ruhe \u00fcberwintern k\u00f6nnen. Au\u00dferdem achte ich darauf, dass kleine Schlupfl\u00f6cher zu den Nachbarg\u00e4rten offen bleiben, damit die stacheligen Wildtiere, die Igel nun einmal sind, sich frei bewegen k\u00f6nnen, ohne sich im Maschendrahtzaun oder dergleichen zu verfangen.<\/p>\n<\/div>\n<\/div>\n<p>[\/et_pb_text][et_pb_text _builder_version=&#8220;4.17.4&#8243; _module_preset=&#8220;default&#8220; hover_enabled=&#8220;0&#8243; global_colors_info=&#8220;{}&#8220; theme_builder_area=&#8220;et_body_layout&#8220; sticky_enabled=&#8220;0&#8243; custom_margin=&#8220;||10px|||&#8220;]<\/p>\n<div class=\"et_pb_module et_pb_text et_pb_text_2  et_pb_text_align_left et_pb_bg_layout_light\">\n<div class=\"et_pb_text_inner\">\n<h2><span style=\"color: #006317;\">Wasser ja &#8211; Milch nein<\/span><\/h2>\n<\/div>\n<\/div>\n<p>[\/et_pb_text][et_pb_text _builder_version=&#8220;4.16&#8243; _module_preset=&#8220;default&#8220; global_colors_info=&#8220;{}&#8220; theme_builder_area=&#8220;et_body_layout&#8220;]<\/p>\n<div class=\"et_pb_module et_pb_text et_pb_text_2  et_pb_text_align_left et_pb_bg_layout_light\">\n<div class=\"et_pb_text_inner\">\n<p>Meine Oma hat es gewusst: Wasser ist das richtige Getr\u00e4nk f\u00fcr Igel und nicht &#8211; wie oft angenommen wird &#8211; Milch. Denn Igel vertragen Milcheiwei\u00df nicht und bekommen dadurch Durchfall. Als zus\u00e4tzliche St\u00e4rkung freuen sich Igel ber gekochte Eier oder Katzen-Trockenfutter.<\/p>\n<\/div>\n<\/div>\n<p>[\/et_pb_text][et_pb_text _builder_version=&#8220;4.17.4&#8243; _module_preset=&#8220;default&#8220; hover_enabled=&#8220;0&#8243; global_colors_info=&#8220;{}&#8220; theme_builder_area=&#8220;et_body_layout&#8220; sticky_enabled=&#8220;0&#8243; custom_margin=&#8220;||10px|||&#8220;]<\/p>\n<div class=\"et_pb_module et_pb_text et_pb_text_2  et_pb_text_align_left et_pb_bg_layout_light\">\n<div class=\"et_pb_text_inner\">\n<h2><span style=\"color: #006317;\">Hilfe f\u00fcr Igel<\/span><\/h2>\n<\/div>\n<\/div>\n<p>[\/et_pb_text][et_pb_text _builder_version=&#8220;4.16&#8243; _module_preset=&#8220;default&#8220; global_colors_info=&#8220;{}&#8220; theme_builder_area=&#8220;et_body_layout&#8220;]<\/p>\n<div class=\"et_pb_module et_pb_text et_pb_text_2  et_pb_text_align_left et_pb_bg_layout_light\">\n<div class=\"et_pb_text_inner\">\n<p>Beratung und Hilfe f\u00fcr verletzte oder besonders schwache (Jung-)Igel findet ihr beim Wildtierservice Wien t\u00e4glich (auch am Wochenende und an Feiertagen) unter der Telefonnummer 01\/4000-49090 oder rund um die Uhr in Nieder\u00f6sterreich bei der Tierschutz-Hotline 0800\/000 134.<\/p>\n<p>&nbsp;<\/p>\n<p>&nbsp;<\/p>\n<\/div>\n<\/div>\n<p>[\/et_pb_text][\/et_pb_column][\/et_pb_row][\/et_pb_section]<\/p>\n","protected":false},"excerpt":{"rendered":"<p>Ich war vier und tobte durch das Paradies meiner Kindheit, den Garten meiner Gro\u00dfmutter. Eine stachelige Kugel stoppte mich &#8211; ich machte Bekanntschaft mit meinem ersten Igel, einem Lebewesen, das ich bis dahin nur aus Bilderb\u00fcchern kannte. Und neben dem Igel sah ich auf der Wiese einen dunklen Fleck. War das etwa Blut? Aufgeregt rannte [&hellip;]<\/p>\n","protected":false},"author":3,"featured_media":2550,"comment_status":"open","ping_status":"open","sticky":false,"template":"","format":"standard","meta":{"_et_pb_use_builder":"on","_et_pb_old_content":"","_et_gb_content_width":"","footnotes":""},"categories":[35,16,29],"tags":[],"class_list":["post-2549","post","type-post","status-publish","format-standard","has-post-thumbnail","hentry","category-aktuelles","category-allgemein","category-gartentipps"],"_links":{"self":[{"href":"https:\/\/lebensgarten.at\/index.php?rest_route=\/wp\/v2\/posts\/2549"}],"collection":[{"href":"https:\/\/lebensgarten.at\/index.php?rest_route=\/wp\/v2\/posts"}],"about":[{"href":"https:\/\/lebensgarten.at\/index.php?rest_route=\/wp\/v2\/types\/post"}],"author":[{"embeddable":true,"href":"https:\/\/lebensgarten.at\/index.php?rest_route=\/wp\/v2\/users\/3"}],"replies":[{"embeddable":true,"href":"https:\/\/lebensgarten.at\/index.php?rest_route=%2Fwp%2Fv2%2Fcomments&post=2549"}],"version-history":[{"count":3,"href":"https:\/\/lebensgarten.at\/index.php?rest_route=\/wp\/v2\/posts\/2549\/revisions"}],"predecessor-version":[{"id":2555,"href":"https:\/\/lebensgarten.at\/index.php?rest_route=\/wp\/v2\/posts\/2549\/revisions\/2555"}],"wp:featuredmedia":[{"embeddable":true,"href":"https:\/\/lebensgarten.at\/index.php?rest_route=\/wp\/v2\/media\/2550"}],"wp:attachment":[{"href":"https:\/\/lebensgarten.at\/index.php?rest_route=%2Fwp%2Fv2%2Fmedia&parent=2549"}],"wp:term":[{"taxonomy":"category","embeddable":true,"href":"https:\/\/lebensgarten.at\/index.php?rest_route=%2Fwp%2Fv2%2Fcategories&post=2549"},{"taxonomy":"post_tag","embeddable":true,"href":"https:\/\/lebensgarten.at\/index.php?rest_route=%2Fwp%2Fv2%2Ftags&post=2549"}],"curies":[{"name":"wp","href":"https:\/\/api.w.org\/{rel}","templated":true}]}}