{"id":2526,"date":"2022-11-12T05:57:54","date_gmt":"2022-11-12T05:57:54","guid":{"rendered":"https:\/\/lebensgarten.at\/?p=2526"},"modified":"2022-11-12T10:06:02","modified_gmt":"2022-11-12T10:06:02","slug":"buntes-herbstlaub-macht-freude","status":"publish","type":"post","link":"https:\/\/lebensgarten.at\/?p=2526","title":{"rendered":"Buntes Herbstlaub macht Freude!?"},"content":{"rendered":"<p>[et_pb_section fb_built=&#8220;1&#8243; _builder_version=&#8220;4.17.4&#8243; _module_preset=&#8220;default&#8220; global_colors_info=&#8220;{}&#8220; theme_builder_area=&#8220;post_content&#8220;][\/et_pb_section][et_pb_section fb_built=&#8220;1&#8243; _builder_version=&#8220;4.16&#8243; _module_preset=&#8220;default&#8220; global_colors_info=&#8220;{}&#8220; theme_builder_area=&#8220;post_content&#8220;][et_pb_row _builder_version=&#8220;4.16&#8243; _module_preset=&#8220;default&#8220; global_colors_info=&#8220;{}&#8220; theme_builder_area=&#8220;post_content&#8220;][et_pb_column type=&#8220;4_4&#8243; _builder_version=&#8220;4.16&#8243; _module_preset=&#8220;default&#8220; global_colors_info=&#8220;{}&#8220; theme_builder_area=&#8220;post_content&#8220;][et_pb_text _builder_version=&#8220;4.16&#8243; _module_preset=&#8220;default&#8220; global_colors_info=&#8220;{}&#8220; theme_builder_area=&#8220;post_content&#8220;]<\/p>\n<p>Als Kinder hatten wir die gr\u00f6\u00dfte Freude, wenn wir durch buntes Herbstlaub stiefeln oder uns in einen Laubhaufen fallen lassen konnten. Als G\u00e4rtner macht uns das Laub nur begrenzt Freude.<\/p>\n<p>Keine Frage: Das bunte Laub ist sch\u00f6n \u2013 es ist wunderbar, welche Farben die Natur in einem einzigen Herbstblatt widerspiegeln kann. Und ein herbstlich ,verf\u00e4rbter\u2019 Wald, den die Sonne in herrliche Goldt\u00f6ne taucht, ist eine richtige Augenweide.<\/p>\n<p>Wenn wir in unserem Garten allerdings sisyphusartig jeden Tag eine neue Laubschicht zusammenrechen m\u00fcssen, dann h\u00e4lt sich die Freude in Grenzen. Und es taucht die Frage auf: Was tun mit dieser Laubf\u00fclle?<\/p>\n<p><span style=\"font-size: 20px;\"><\/span><span style=\"font-size: 20px;\">\u00a0<\/span><\/p>\n<p>[\/et_pb_text][et_pb_text _builder_version=&#8220;4.16&#8243; _module_preset=&#8220;default&#8220; custom_margin=&#8220;||13px|||&#8220; global_colors_info=&#8220;{}&#8220; theme_builder_area=&#8220;post_content&#8220;]<\/p>\n<h2><span style=\"color: #006317;\">KEIN ideales Mulchmaterial<\/span><\/h2>\n<p>[\/et_pb_text][et_pb_text ol_position=&#8220;outside&#8220; ol_item_indent=&#8220;26px&#8220; _builder_version=&#8220;4.17.4&#8243; _module_preset=&#8220;default&#8220; global_colors_info=&#8220;{}&#8220; theme_builder_area=&#8220;post_content&#8220;]<\/p>\n<p>Obwohl in vielen Ver\u00f6ffentlichungen der Rat gegeben wird, das Laub als nat\u00fcrlichen D\u00fcnger entweder liegen zu lassen oder es als ,wertvolles\u2019 Mulchmaterial zu verwenden, sollte man diese Ratschl\u00e4ge kritisch betrachten:<\/p>\n<ol>\n<li style=\"list-style-type: none;\">\n<ol>\n<li>Sind die Bl\u00e4tter auch ,gesund\u2019? Rosskastanienbl\u00e4tter, die von der Miniermotte befallen sind oder Rosenbl\u00e4tter mit Sternru\u00dftau sollte man weder liegen lassen noch zum Kompost geben, da die Pflanzenkrankheiten damit weiter verbreitet werden.<\/li>\n<li>Die meisten Bl\u00e4tter enthalten sehr viel Gerbs\u00e4ure, die die Verrottung der Bl\u00e4tter sehr erschwert und verlangsamt und au\u00dferdem eine relativ ,saure\u2019 Erde (niedriger pH-Wert) erzeugt, die f\u00fcr viele Pflanzen nicht geeignet ist. Im Beet sind viele Pflanzen damit nicht ,gl\u00fccklich\u2019 und man muss dann dieser Erde zum Ausgleich Kalk oder Gesteinsmehl zuf\u00fcgen.<\/li>\n<li>Aus dem gleichen Grund sind auch zu viele Bl\u00e4tter nicht ideal f\u00fcr den Komposthaufen. Als Beimengung ist es durchaus m\u00f6glich, allerdings sollte es dann mit anderem Bioabfall bzw. Rasenschnitt vermengt werden.<\/li>\n<\/ol>\n<\/li>\n<\/ol>\n<p>&nbsp;<\/p>\n<div class=\"et_pb_module et_pb_text et_pb_text_2  et_pb_text_align_left et_pb_bg_layout_light\">\n<div class=\"et_pb_text_inner\"><\/div>\n<\/div>\n<p>[\/et_pb_text][et_pb_text _builder_version=&#8220;4.17.4&#8243; _module_preset=&#8220;default&#8220; custom_margin=&#8220;||14px|||&#8220; global_colors_info=&#8220;{}&#8220; theme_builder_area=&#8220;post_content&#8220;]<\/p>\n<h2><span style=\"color: #006317;\">KEINE ,Winterstiefel\u2019 f\u00fcr die Rosen!<\/span><\/h2>\n<p>[\/et_pb_text][et_pb_text _builder_version=&#8220;4.16&#8243; _module_preset=&#8220;default&#8220; global_colors_info=&#8220;{}&#8220; theme_builder_area=&#8220;post_content&#8220;]<\/p>\n<p>Rosen sollte man \u2013 obwohl sie leicht saure B\u00f6den m\u00f6gen \u2013 trotzdem nicht mit Laub als Winterschutz mulchen, da es eine ,Brutst\u00e4tte\u2019 f\u00fcr Pilzkrankheiten, f\u00fcr die Rosen besonders empf\u00e4nglich sind, ist.<\/p>\n<p>Keinesfalls sollte man eine Laubschicht auf einer Wiese liegen lassen, da das Gras darunter ,erstickt\u2019.<\/p>\n<p>Und ,Sonnenanbetern\u2019, wie Lavendel und vielen mediterranen Kr\u00e4utern, aber auch Schafgarbe oder Rittersporn tut man mit einer Laub-Mulchschicht nichts Gutes.<\/p>\n<p>Waldrandpflanzen, wie etwa Heidelbeeren oder Farne, aber auch Hortensien und Rhododendren, die robuster sind und auch lieber leicht saure B\u00f6den m\u00f6gen, sind dagegen mit einer nicht zu dicken Laubschicht durchaus zufrieden.<\/p>\n<div class=\"et_pb_module et_pb_text et_pb_text_2  et_pb_text_align_left et_pb_bg_layout_light\">\n<div class=\"et_pb_text_inner\"><\/div>\n<\/div>\n<p>[\/et_pb_text][et_pb_image src=&#8220;https:\/\/lebensgarten.at\/wp-content\/uploads\/2022\/11\/Marienkaefer-im-HerbstLaub.png&#8220; _builder_version=&#8220;4.17.4&#8243; _module_preset=&#8220;default&#8220; custom_margin=&#8220;||10px|||&#8220; global_colors_info=&#8220;{}&#8220; theme_builder_area=&#8220;post_content&#8220;][\/et_pb_image][et_pb_text _builder_version=&#8220;4.17.4&#8243; _module_preset=&#8220;default&#8220; min_height=&#8220;33px&#8220; global_colors_info=&#8220;{}&#8220; theme_builder_area=&#8220;post_content&#8220;]<\/p>\n<h6><em>Laubhaufen sind ein ideales Winterquartier f\u00fcr ganz viele<\/em><br \/><em>n\u00fctzliche Insekten, wie zum Beispiel Marienk\u00e4fer und andere<\/em><br \/><em>Kleinlebewesen.<\/em><\/h6>\n<div class=\"et_pb_module et_pb_text et_pb_text_2  et_pb_text_align_left et_pb_bg_layout_light\">\n<div class=\"et_pb_text_inner\"><\/div>\n<\/div>\n<p>[\/et_pb_text][et_pb_text _builder_version=&#8220;4.17.4&#8243; _module_preset=&#8220;default&#8220; custom_margin=&#8220;||9px|||&#8220; global_colors_info=&#8220;{}&#8220; theme_builder_area=&#8220;post_content&#8220;]<\/p>\n<h2><span style=\"color: #006317;\">Winterquartier f\u00fcr Kleintiere und Insekten<\/span><\/h2>\n<p>[\/et_pb_text][et_pb_text _builder_version=&#8220;4.16&#8243; _module_preset=&#8220;default&#8220; global_colors_info=&#8220;{}&#8220; theme_builder_area=&#8220;post_content&#8220;]<\/p>\n<p>Wer in seinem Garten eine stille Ecke findet, sollte seinen flei\u00dfigen Garten-Mitbewohnern, wie Insekten, Schmetterlingslarven oder Igeln, einen Laubhaufen als Winterquartier aufschichten \u2013 sie werden es ab dem Fr\u00fchling durch besonders flei\u00dfige n\u00fctzliche ,Gartenarbeit\u2019 danken.<\/p>\n<div class=\"et_pb_module et_pb_text et_pb_text_2  et_pb_text_align_left et_pb_bg_layout_light\">\n<div class=\"et_pb_text_inner\"><\/div>\n<\/div>\n<p>[\/et_pb_text][et_pb_text _builder_version=&#8220;4.17.4&#8243; _module_preset=&#8220;default&#8220; custom_margin=&#8220;||11px|||&#8220; global_colors_info=&#8220;{}&#8220; theme_builder_area=&#8220;post_content&#8220;]<\/p>\n<h2><span style=\"color: #006317;\">Biotonne oder Laubsack<\/span><\/h2>\n<p>[\/et_pb_text][et_pb_text _builder_version=&#8220;4.16&#8243; _module_preset=&#8220;default&#8220; global_colors_info=&#8220;{}&#8220; theme_builder_area=&#8220;post_content&#8220;]<\/p>\n<p>Wer dann noch zu viel Laub hat, sollte die bunte Pracht entweder \u00fcber die Biotonne oder mit Hilfe eines schon von vielen Gemeinden angebotenen ,Laubsacks\u2019 entsorgen.<\/p>\n<div class=\"et_pb_module et_pb_text et_pb_text_2  et_pb_text_align_left et_pb_bg_layout_light\">\n<div class=\"et_pb_text_inner\"><\/div>\n<\/div>\n<p>[\/et_pb_text][et_pb_image src=&#8220;https:\/\/lebensgarten.at\/wp-content\/uploads\/2022\/11\/Laubsauger_b1.png&#8220; _builder_version=&#8220;4.17.4&#8243; _module_preset=&#8220;default&#8220; custom_margin=&#8220;||11px|||&#8220; global_colors_info=&#8220;{}&#8220; theme_builder_area=&#8220;post_content&#8220;][\/et_pb_image][et_pb_text _builder_version=&#8220;4.17.4&#8243; _module_preset=&#8220;default&#8220; min_height=&#8220;33px&#8220; global_colors_info=&#8220;{}&#8220; theme_builder_area=&#8220;post_content&#8220;]<\/p>\n<h6><em>Laubkanonen zerst\u00f6ren die Infrastruktur der Erdoberfl\u00e4che und t\u00f6ten<br \/>Unmengen von Kleinlebewesen, die sich f\u00fcr die Winterruhe unter das<br \/>Laub zur\u00fcckgezogen haben (siehe auch Foto oben).<\/em><\/h6>\n<div class=\"et_pb_module et_pb_text et_pb_text_2  et_pb_text_align_left et_pb_bg_layout_light\">\n<div class=\"et_pb_text_inner\"><\/div>\n<\/div>\n<p>[\/et_pb_text][\/et_pb_column][\/et_pb_row][\/et_pb_section][et_pb_section fb_built=&#8220;1&#8243; _builder_version=&#8220;4.16&#8243; _module_preset=&#8220;default&#8220; global_colors_info=&#8220;{}&#8220; theme_builder_area=&#8220;post_content&#8220;][et_pb_row _builder_version=&#8220;4.16&#8243; _module_preset=&#8220;default&#8220; global_colors_info=&#8220;{}&#8220; theme_builder_area=&#8220;post_content&#8220;][et_pb_column type=&#8220;4_4&#8243; _builder_version=&#8220;4.16&#8243; _module_preset=&#8220;default&#8220; global_colors_info=&#8220;{}&#8220; theme_builder_area=&#8220;post_content&#8220;][et_pb_text _builder_version=&#8220;4.17.4&#8243; _module_preset=&#8220;default&#8220; text_text_color=&#8220;#E02B20&#8243; header_2_text_color=&#8220;#efdb00&#8243; custom_margin=&#8220;||11px|||&#8220; custom_padding=&#8220;1px|||||&#8220; global_colors_info=&#8220;{}&#8220; theme_builder_area=&#8220;post_content&#8220;]<\/p>\n<h2><span style=\"color: #00892b;\">H\u00e4nde weg von ,Laubkanonen\u2019!<\/span><\/h2>\n<p>[\/et_pb_text][et_pb_text ol_position=&#8220;outside&#8220; ol_item_indent=&#8220;26px&#8220; _builder_version=&#8220;4.17.4&#8243; _module_preset=&#8220;default&#8220; global_colors_info=&#8220;{}&#8220; theme_builder_area=&#8220;post_content&#8220;]<\/p>\n<p>Leider sind viele G\u00e4rtner und Gartenbesitzer immer noch mit ,Laubkanonen\u2019, also Laubbl\u00e4sern und Laubsaugern unterwegs.<\/p>\n<p><strong>Unser eindringlicher Appell:<\/strong> Bitte lasst die H\u00e4nde davon! Diese Ger\u00e4te verbreiten nicht nur ohrenbet\u00e4ubenden L\u00e4rm (und manchmal auch Abgas-Gestank), sondern sind auch in h\u00f6chstem Ma\u00df umweltsch\u00e4dlich (und daher auch mancherorts schon verboten):<\/p>\n<ol>\n<li style=\"list-style-type: none;\">\n<ol>\n<li>Allein schon durch den enormen Luftstrom (von bis zu 250 Stundenkilometern!) von Laubbl\u00e4sern wird die ganze Boden-Infrastruktur zerst\u00f6rt \u2013 Erde, Samen und Kleinstlebewesen werden mit enormem Druck durcheinandergewirbelt und in alle Richtungen weggeblasen. Kleingetier, das sich schon f\u00fcr die Winterruhe ,eingenistet\u2019 hat, verliert schlagartig den Unterschlupf.<\/li>\n<li>Und wer einen Laubsauger (oft auch kombiniert mit H\u00e4cksler) verwendet, saugt mit dem Laub nicht nur Insekten, K\u00e4fer, Spinnen, Raupen, Marienk\u00e4fer und Regenw\u00fcrmer, sondern auch Kleintiere, wie Eidechsen oder junge Igel auf und zerst\u00fcckelt sie dann im H\u00e4cksler. Schlimmer geht\u2019s nimmer!<\/li>\n<\/ol>\n<\/li>\n<\/ol>\n<p><strong> Bitte<\/strong> daher statt dieser m\u00f6rderischen Laubkanonen den guten alten Laubrechen verwenden \u2013 das tut der Umwelt und der Gesundheit des G\u00e4rtners gut.<\/p>\n<p>&nbsp;<\/p>\n<div class=\"et_pb_module et_pb_text et_pb_text_2  et_pb_text_align_left et_pb_bg_layout_light\">\n<div class=\"et_pb_text_inner\"><\/div>\n<\/div>\n<p>[\/et_pb_text][\/et_pb_column][\/et_pb_row][\/et_pb_section]<\/p>\n","protected":false},"excerpt":{"rendered":"<p>Als Kinder hatten wir die gr\u00f6\u00dfte Freude, wenn wir durch buntes Herbstlaub stiefeln oder uns in einen Laubhaufen fallen lassen konnten. Als G\u00e4rtner macht uns das Laub nur begrenzt Freude. Keine Frage: Das bunte Laub ist sch\u00f6n \u2013 es ist wunderbar, welche Farben die Natur in einem einzigen Herbstblatt widerspiegeln kann. Und ein herbstlich ,verf\u00e4rbter\u2019 [&hellip;]<\/p>\n","protected":false},"author":2,"featured_media":2527,"comment_status":"open","ping_status":"open","sticky":false,"template":"","format":"standard","meta":{"_et_pb_use_builder":"on","_et_pb_old_content":"","_et_gb_content_width":"","footnotes":""},"categories":[35,16,28,29,22],"tags":[],"class_list":["post-2526","post","type-post","status-publish","format-standard","has-post-thumbnail","hentry","category-aktuelles","category-allgemein","category-gartentechnik","category-gartentipps","category-pflanzenwissen"],"_links":{"self":[{"href":"https:\/\/lebensgarten.at\/index.php?rest_route=\/wp\/v2\/posts\/2526"}],"collection":[{"href":"https:\/\/lebensgarten.at\/index.php?rest_route=\/wp\/v2\/posts"}],"about":[{"href":"https:\/\/lebensgarten.at\/index.php?rest_route=\/wp\/v2\/types\/post"}],"author":[{"embeddable":true,"href":"https:\/\/lebensgarten.at\/index.php?rest_route=\/wp\/v2\/users\/2"}],"replies":[{"embeddable":true,"href":"https:\/\/lebensgarten.at\/index.php?rest_route=%2Fwp%2Fv2%2Fcomments&post=2526"}],"version-history":[{"count":12,"href":"https:\/\/lebensgarten.at\/index.php?rest_route=\/wp\/v2\/posts\/2526\/revisions"}],"predecessor-version":[{"id":2548,"href":"https:\/\/lebensgarten.at\/index.php?rest_route=\/wp\/v2\/posts\/2526\/revisions\/2548"}],"wp:featuredmedia":[{"embeddable":true,"href":"https:\/\/lebensgarten.at\/index.php?rest_route=\/wp\/v2\/media\/2527"}],"wp:attachment":[{"href":"https:\/\/lebensgarten.at\/index.php?rest_route=%2Fwp%2Fv2%2Fmedia&parent=2526"}],"wp:term":[{"taxonomy":"category","embeddable":true,"href":"https:\/\/lebensgarten.at\/index.php?rest_route=%2Fwp%2Fv2%2Fcategories&post=2526"},{"taxonomy":"post_tag","embeddable":true,"href":"https:\/\/lebensgarten.at\/index.php?rest_route=%2Fwp%2Fv2%2Ftags&post=2526"}],"curies":[{"name":"wp","href":"https:\/\/api.w.org\/{rel}","templated":true}]}}