{"id":2496,"date":"2022-05-27T10:59:29","date_gmt":"2022-05-27T10:59:29","guid":{"rendered":"https:\/\/lebensgarten.at\/?p=2496"},"modified":"2022-05-27T11:01:10","modified_gmt":"2022-05-27T11:01:10","slug":"duft-statt-dessert","status":"publish","type":"post","link":"https:\/\/lebensgarten.at\/?p=2496","title":{"rendered":"Duft statt Dessert"},"content":{"rendered":"<p>[et_pb_section fb_built=&#8220;1&#8243; _builder_version=&#8220;4.16&#8243; _module_preset=&#8220;default&#8220; global_colors_info=&#8220;{}&#8220; theme_builder_area=&#8220;et_body_layout&#8220;][et_pb_row _builder_version=&#8220;4.16&#8243; _module_preset=&#8220;default&#8220; global_colors_info=&#8220;{}&#8220; theme_builder_area=&#8220;et_body_layout&#8220;][et_pb_column type=&#8220;4_4&#8243; _builder_version=&#8220;4.16&#8243; _module_preset=&#8220;default&#8220; global_colors_info=&#8220;{}&#8220; theme_builder_area=&#8220;et_body_layout&#8220;][et_pb_text _builder_version=&#8220;4.16&#8243; _module_preset=&#8220;default&#8220; custom_padding=&#8220;2px|||||&#8220; global_colors_info=&#8220;{}&#8220; theme_builder_area=&#8220;et_body_layout&#8220;]<\/p>\n<p>Rechtzeitig vor Beginn der Bikini-Saison will ich noch etwas f\u00fcr meine Figur tun. Deshalb ist in den n\u00e4chsten zwei Wochen das Dessert gestrichen. Stattdessen werde ich regelm\u00e4\u00dfig und intensiv an meiner Pflanzen-Neuerwerbung, einer herrlich dunkelrot-schw\u00e4rzlich bl\u00fchenden Schokoladen-Kosmee (Cosmos atrosanguineus), riechen.<\/p>\n<p>[\/et_pb_text][et_pb_text _builder_version=&#8220;4.17.4&#8243; _module_preset=&#8220;default&#8220; hover_enabled=&#8220;0&#8243; global_colors_info=&#8220;{}&#8220; theme_builder_area=&#8220;et_body_layout&#8220; sticky_enabled=&#8220;0&#8243; custom_margin=&#8220;||13px|||&#8220;]<\/p>\n<h2><span style=\"color: #006317;\">Zartbitter-Schokolade<\/span><\/h2>\n<p>[\/et_pb_text][et_pb_text _builder_version=&#8220;4.16&#8243; _module_preset=&#8220;default&#8220; global_colors_info=&#8220;{}&#8220; theme_builder_area=&#8220;et_body_layout&#8220;]<\/p>\n<p>Der Geruch ihrer nach Zartbitter-Schokolade duftenden Bl\u00fcten ersetzt f\u00fcr die n\u00e4chste Zeit die von mir hei\u00df geliebte ,Mousse au chocolat&#8216; als Sonntagsdessert.<\/p>\n<p>Die urspr\u00fcnglich aus Mexiko stammende Schokoladen-Kosmee wird 40-60 cm hoch, liebt einen sonnigen Standort mit durchl\u00e4ssigem Boden, bl\u00fcht &#8211; je nach Witterung &#8211; von Juni bis Oktober und begn\u00fcgt sich mit wenig Wasser.<\/p>\n<p>[\/et_pb_text][et_pb_text _builder_version=&#8220;4.17.4&#8243; _module_preset=&#8220;default&#8220; hover_enabled=&#8220;0&#8243; global_colors_info=&#8220;{}&#8220; theme_builder_area=&#8220;et_body_layout&#8220; sticky_enabled=&#8220;0&#8243; custom_margin=&#8220;||15px|||&#8220;]<\/p>\n<h2><span style=\"color: #006317;\">Schmetterlinge &amp; Bienen<\/span><\/h2>\n<p>[\/et_pb_text][et_pb_text _builder_version=&#8220;4.16&#8243; _module_preset=&#8220;default&#8220; global_colors_info=&#8220;{}&#8220; theme_builder_area=&#8220;et_body_layout&#8220;]<\/p>\n<p><span>Ihr s\u00fc\u00dfer Duft entfaltet sich ganz besonders in den Nachmittagsstunden hei\u00dfer Sommertage und lockt nicht nur mich, sondern auch zahlreiche Bienen und Schmetterlinge an.<\/span><\/p>\n<p><span style=\"font-size: 20px;\">Manchmal wird die Schokoladen-Kosmee mit der ,echten Schokoladenblume&#8216; (Berlandiera lyrata) verwechselt, die gelbe Bl\u00fcten hat und deren Duft an Vollmilchschokolade erinnert. Sie z\u00e4hlt ebenfalls zur Familie der Korbbl\u00fctler, ist allerdings in Mitteleuropa wenig verbreitet.<\/span><\/p>\n<div class=\"et_pb_module et_pb_text et_pb_text_2  et_pb_text_align_left et_pb_bg_layout_light\">\n<div class=\"et_pb_text_inner\"><\/div>\n<\/div>\n<p>[\/et_pb_text][et_pb_text _builder_version=&#8220;4.17.4&#8243; _module_preset=&#8220;default&#8220; hover_enabled=&#8220;0&#8243; global_colors_info=&#8220;{}&#8220; theme_builder_area=&#8220;et_body_layout&#8220; sticky_enabled=&#8220;0&#8243; custom_margin=&#8220;||10px|||&#8220;]<\/p>\n<h2><span style=\"color: #006317;\">Terrasse &amp; Balkon<\/span><\/h2>\n<p>[\/et_pb_text][et_pb_text _builder_version=&#8220;4.16&#8243; _module_preset=&#8220;default&#8220; global_colors_info=&#8220;{}&#8220; theme_builder_area=&#8220;et_body_layout&#8220;]<\/p>\n<p><span>N\u00e4chstes Jahr werde ich &#8211; so mein Plan &#8211; zus\u00e4tzlich eine Schokoladen-Kosmee im Tontopf auf meiner Terrasse ziehen. Dann kann ich vor dem Schlafengehen als ,Betthupferl&#8216; noch schnell an meiner ,s\u00fc\u00dfen&#8216; Blume mit der Nase ,naschen&#8216; und komme nicht in Versuchung, meine Hand in die Pralinenschachtel zu stecken.<br \/><\/span><span>Und au\u00dferdem soll die Schokoladen-Kosmee nicht nur im Beet, sondern auch als K\u00fcbelpflanze ,eine gute Figur&#8216; machen. Und die ,bella figura&#8216; habe ich dann hoffentlich mit ihr gemeinsam &#8230;<\/span><\/p>\n<p><span>\u00a0<\/span><\/p>\n<p><span><\/span><\/p>\n<p><span><\/span><\/p>\n<div class=\"et_pb_module et_pb_text et_pb_text_2  et_pb_text_align_left et_pb_bg_layout_light\">\n<div class=\"et_pb_text_inner\"><\/div>\n<\/div>\n<p>[\/et_pb_text][et_pb_text _builder_version=&#8220;4.16&#8243; _module_preset=&#8220;default&#8220; global_colors_info=&#8220;{}&#8220; theme_builder_area=&#8220;et_body_layout&#8220;]<\/p>\n<h2><span style=\"text-decoration: underline;\"><span style=\"color: #006317; text-decoration: underline;\">G\u00e4rtnerische Daten:<\/span><\/span><\/h2>\n<p>[\/et_pb_text][et_pb_text _builder_version=&#8220;4.16&#8243; _module_preset=&#8220;default&#8220; global_colors_info=&#8220;{}&#8220; theme_builder_area=&#8220;et_body_layout&#8220;]<\/p>\n<p><strong><span>Name:<\/span><\/strong><span> Schokoladen-Kosmee &#8211; Cosmos atrosanguineus<br \/><\/span><strong><span>Bl\u00fcte:<\/span><\/strong><span> schw\u00e4rzlich-blutrot \/ Juni \u2013 Oktober<br \/><\/span><strong><span>Standort \/ Boden:<\/span><\/strong><span> sonnig \/durchl\u00e4ssig-frisch<br \/><\/span><strong><span>Giftigkeit:<\/span><\/strong><span> nein<br \/><\/span><strong><span>Lebenszyklus:<\/span><\/strong><span> mehrj\u00e4hrig, aber nicht winterhart. Die Knolle ist frostempfindlich.<br \/><\/span><span>Sie muss im Herbst aus dem Boden genommen und k\u00fchl gelagert werden. Im n\u00e4chsten Fr\u00fchjahr kann sie wieder ausgepflanzt werden.\u00a0 <\/span><\/p>\n<p>&nbsp;<\/p>\n<div class=\"et_pb_module et_pb_text et_pb_text_2  et_pb_text_align_left et_pb_bg_layout_light\">\n<div class=\"et_pb_text_inner\"><\/div>\n<\/div>\n<p>[\/et_pb_text][\/et_pb_column][\/et_pb_row][\/et_pb_section]<\/p>\n","protected":false},"excerpt":{"rendered":"<p>Rechtzeitig vor Beginn der Bikini-Saison will ich noch etwas f\u00fcr meine Figur tun. Deshalb ist in den n\u00e4chsten zwei Wochen das Dessert gestrichen. Stattdessen werde ich regelm\u00e4\u00dfig und intensiv an meiner Pflanzen-Neuerwerbung, einer herrlich dunkelrot-schw\u00e4rzlich bl\u00fchenden Schokoladen-Kosmee (Cosmos atrosanguineus), riechen.Zartbitter-SchokoladeDer Geruch ihrer nach Zartbitter-Schokolade duftenden Bl\u00fcten ersetzt f\u00fcr die n\u00e4chste Zeit die von mir hei\u00df [&hellip;]<\/p>\n","protected":false},"author":3,"featured_media":2497,"comment_status":"open","ping_status":"open","sticky":false,"template":"","format":"standard","meta":{"_et_pb_use_builder":"on","_et_pb_old_content":"","_et_gb_content_width":"","footnotes":""},"categories":[35,16,17,11,12,22],"tags":[],"class_list":["post-2496","post","type-post","status-publish","format-standard","has-post-thumbnail","hentry","category-aktuelles","category-allgemein","category-balkon-und-terrasse","category-duftgarten","category-duftpflanzen","category-pflanzenwissen"],"_links":{"self":[{"href":"https:\/\/lebensgarten.at\/index.php?rest_route=\/wp\/v2\/posts\/2496"}],"collection":[{"href":"https:\/\/lebensgarten.at\/index.php?rest_route=\/wp\/v2\/posts"}],"about":[{"href":"https:\/\/lebensgarten.at\/index.php?rest_route=\/wp\/v2\/types\/post"}],"author":[{"embeddable":true,"href":"https:\/\/lebensgarten.at\/index.php?rest_route=\/wp\/v2\/users\/3"}],"replies":[{"embeddable":true,"href":"https:\/\/lebensgarten.at\/index.php?rest_route=%2Fwp%2Fv2%2Fcomments&post=2496"}],"version-history":[{"count":5,"href":"https:\/\/lebensgarten.at\/index.php?rest_route=\/wp\/v2\/posts\/2496\/revisions"}],"predecessor-version":[{"id":2506,"href":"https:\/\/lebensgarten.at\/index.php?rest_route=\/wp\/v2\/posts\/2496\/revisions\/2506"}],"wp:featuredmedia":[{"embeddable":true,"href":"https:\/\/lebensgarten.at\/index.php?rest_route=\/wp\/v2\/media\/2497"}],"wp:attachment":[{"href":"https:\/\/lebensgarten.at\/index.php?rest_route=%2Fwp%2Fv2%2Fmedia&parent=2496"}],"wp:term":[{"taxonomy":"category","embeddable":true,"href":"https:\/\/lebensgarten.at\/index.php?rest_route=%2Fwp%2Fv2%2Fcategories&post=2496"},{"taxonomy":"post_tag","embeddable":true,"href":"https:\/\/lebensgarten.at\/index.php?rest_route=%2Fwp%2Fv2%2Ftags&post=2496"}],"curies":[{"name":"wp","href":"https:\/\/api.w.org\/{rel}","templated":true}]}}