{"id":2481,"date":"2022-05-24T16:09:15","date_gmt":"2022-05-24T16:09:15","guid":{"rendered":"https:\/\/lebensgarten.at\/?p=2481"},"modified":"2022-05-24T16:17:11","modified_gmt":"2022-05-24T16:17:11","slug":"hurra-unsere-zistrosen-bluehen","status":"publish","type":"post","link":"https:\/\/lebensgarten.at\/?p=2481","title":{"rendered":"Hurra, unsere Zistrosen bl\u00fchen!"},"content":{"rendered":"<p>[et_pb_section fb_built=&#8220;1&#8243; _builder_version=&#8220;4.16&#8243; _module_preset=&#8220;default&#8220; global_colors_info=&#8220;{}&#8220; theme_builder_area=&#8220;post_content&#8220;][et_pb_row _builder_version=&#8220;4.16&#8243; _module_preset=&#8220;default&#8220; global_colors_info=&#8220;{}&#8220; theme_builder_area=&#8220;post_content&#8220;][et_pb_column type=&#8220;4_4&#8243; _builder_version=&#8220;4.16&#8243; _module_preset=&#8220;default&#8220; global_colors_info=&#8220;{}&#8220; theme_builder_area=&#8220;post_content&#8220;][et_pb_text _builder_version=&#8220;4.16&#8243; _module_preset=&#8220;default&#8220; custom_padding=&#8220;2px|||||&#8220; global_colors_info=&#8220;{}&#8220; theme_builder_area=&#8220;post_content&#8220;]<\/p>\n<p>Eine traumhaft sch\u00f6ne ,Bl\u00fctenwolke\u2019 ist in unserem Garten \u00fcber Nacht gleichsam ,explodiert\u2019: Die herrlichen purpurfarbenen filigranen Bl\u00fcten mit ihrem dezent-harzigen Duft zaubern ein wunderbares mediterranes Fr\u00fchsommer-Gef\u00fchl in unseren entspannend-beruhigenden ,Duftraum\u2019. Diese Bl\u00fcten sind so zart, als ob sie aus Seidenpapier gemacht w\u00e4ren und erfreuen unsere Sinne leider immer nur f\u00fcr einen einzigen Tag. Wir k\u00f6nnen uns aber trotzdem freuen: Von nun an kommen aus den unz\u00e4hligen Knospen jeden Tag viele neue Bl\u00fcten \u2013 bis in den Sommer hinein \u2026<\/p>\n<p>Zistrosen sind Halbstr\u00e4ucher, die gerne in der prallen Sonne stehen und denen die Hitze ein w\u00fcrzig-herbes, f\u00fcr den Mittelmeerraum typisches Aroma entlockt. Diese aus Bl\u00e4ttern und Bl\u00fcten kommenden \u00e4therischen \u00d6le haben die Pflanze schon im Alten Griechenland zu einer vielf\u00e4ltig eingesetzten Heilpflanze gemacht. Die reichlich enthaltenen Polyphenole wirken antioxidativ und sollen entzndungshemmend sowie immunst\u00e4rkend sein. Auch bei Hautproblemen und gegen Falten werden Cistrosen-Extrakte verwendet.<\/p>\n<p>[\/et_pb_text][et_pb_text _builder_version=&#8220;4.16.1&#8243; _module_preset=&#8220;default&#8220; global_colors_info=&#8220;{}&#8220; theme_builder_area=&#8220;post_content&#8220;]<\/p>\n<h2><span style=\"color: #006317;\">Psychische Wirkungen<\/span><\/h2>\n<p>[\/et_pb_text][et_pb_text _builder_version=&#8220;4.16&#8243; _module_preset=&#8220;default&#8220; global_colors_info=&#8220;{}&#8220; theme_builder_area=&#8220;post_content&#8220;]<\/p>\n<p>Die aus der Pflanze extrahierten oder im Freien ,ausged\u00fcnsteten\u2019 Duftstoffe der Zistrose haben eine markante psychische Wirkung \u2013 sie tragen zur Beruhigung bei Stress, Nervosit\u00e4t und Schlafst\u00f6rungen bei, wirken Muskel entspannend und psychisch aufbauend. Aus diesem Grund sollten Zistrosen bei der Anlage eines ,funktionalen\u2019 Duftbereiches im Garten fix eingeplant werden (siehe auch ,<span style=\"text-decoration: underline;\"><span style=\"color: #00892b;\"><a href=\"https:\/\/lebensgarten.at\/?page_id=528\" style=\"color: #00892b; text-decoration: underline;\">Wirkung eines Duftgartens<\/a><\/span><\/span>&#8218;).<\/p>\n<p>[\/et_pb_text][et_pb_image src=&#8220;https:\/\/lebensgarten.at\/wp-content\/uploads\/2022\/05\/Cistrose-grosse-Bluete-WEB.png&#8220; title_text=&#8220;Cistrose&#8211;gro\u00dfe-Bluete-WEB&#8220; _builder_version=&#8220;4.16.1&#8243; _module_preset=&#8220;default&#8220; global_colors_info=&#8220;{}&#8220; theme_builder_area=&#8220;post_content&#8220;][\/et_pb_image][et_pb_text _builder_version=&#8220;4.16&#8243; _module_preset=&#8220;default&#8220; global_colors_info=&#8220;{}&#8220; theme_builder_area=&#8220;post_content&#8220;]<\/p>\n<p><span style=\"font-size: 20px;\">Zistrosen-Bl\u00fcten sind filigrane Sch\u00f6nheiten \u2013 dies ist <br \/>die Bl\u00fcte einer Purpur-Zistrose, es gibt aber viele <br \/>verschiedene Variet\u00e4ten, die meist rein wei\u00df bl\u00fchen. <\/span><\/p>\n<div class=\"et_pb_module et_pb_text et_pb_text_2  et_pb_text_align_left et_pb_bg_layout_light\">\n<div class=\"et_pb_text_inner\"><\/div>\n<\/div>\n<p>[\/et_pb_text][et_pb_text _builder_version=&#8220;4.16&#8243; _module_preset=&#8220;default&#8220; global_colors_info=&#8220;{}&#8220; theme_builder_area=&#8220;post_content&#8220;]<\/p>\n<h2><span style=\"text-decoration: underline;\"><span style=\"color: #006317; text-decoration: underline;\">G\u00e4rtnerische Daten:<\/span><\/span><\/h2>\n<p>[\/et_pb_text][et_pb_text _builder_version=&#8220;4.16&#8243; _module_preset=&#8220;default&#8220; global_colors_info=&#8220;{}&#8220; theme_builder_area=&#8220;post_content&#8220;]<\/p>\n<p><strong>Name:<\/strong> Zistrose \u2013 Cistus<br \/><strong>Wuchs:<\/strong> aufrecht, dicht buschig wachsender Halbstrauch, wird etwa 70 cm hoch<br \/><strong>Bl\u00fcte:<\/strong> Mai bis Sommer \u2013 je nach Witterung; purpur oder wei\u00df mit dunklem Basalfleck oder rein wei\u00df \u2013 je nach Sorte, mittelintensiver harziger Duft<br \/><strong>Standort \/ Boden:<\/strong> Sonne \/ durchl\u00e4ssiger, eher n\u00e4hrstoffarmer Boden ohne Torf<br \/>Wasserbedarf: m\u00e4\u00dfig, aber nicht ganz austrocknen lassen, weil dann die Bl\u00fcte stoppt und sich die Bl\u00e4tter einrollen<br \/><strong>Lebenszyklus:<\/strong> mehrj\u00e4hrig, im Garten ausgepflanzt winterhart bis etwa -12 Grad, Wurzelbereich vor dem Winter eventuell anh\u00e4ufeln und obere Teile mit Reisig sch\u00fctzen<br \/><strong>Giftigkeit:<\/strong> nein<\/p>\n<p>&nbsp;<\/p>\n<div class=\"et_pb_module et_pb_text et_pb_text_2  et_pb_text_align_left et_pb_bg_layout_light\">\n<div class=\"et_pb_text_inner\"><\/div>\n<\/div>\n<p>[\/et_pb_text][\/et_pb_column][\/et_pb_row][\/et_pb_section]<\/p>\n","protected":false},"excerpt":{"rendered":"<p>Eine traumhaft sch\u00f6ne ,Bl\u00fctenwolke\u2019 ist in unserem Garten \u00fcber Nacht gleichsam ,explodiert\u2019: Die herrlichen purpurfarbenen filigranen Bl\u00fcten mit ihrem dezent-harzigen Duft zaubern ein wunderbares mediterranes Fr\u00fchsommer-Gef\u00fchl in unseren entspannend-beruhigenden ,Duftraum\u2019. Diese Bl\u00fcten sind so zart, als ob sie aus Seidenpapier gemacht w\u00e4ren und erfreuen unsere Sinne leider immer nur f\u00fcr einen einzigen Tag. Wir k\u00f6nnen [&hellip;]<\/p>\n","protected":false},"author":2,"featured_media":2482,"comment_status":"open","ping_status":"open","sticky":false,"template":"","format":"standard","meta":{"_et_pb_use_builder":"on","_et_pb_old_content":"","_et_gb_content_width":"","footnotes":""},"categories":[35,16,11,12,22],"tags":[],"class_list":["post-2481","post","type-post","status-publish","format-standard","has-post-thumbnail","hentry","category-aktuelles","category-allgemein","category-duftgarten","category-duftpflanzen","category-pflanzenwissen"],"_links":{"self":[{"href":"https:\/\/lebensgarten.at\/index.php?rest_route=\/wp\/v2\/posts\/2481"}],"collection":[{"href":"https:\/\/lebensgarten.at\/index.php?rest_route=\/wp\/v2\/posts"}],"about":[{"href":"https:\/\/lebensgarten.at\/index.php?rest_route=\/wp\/v2\/types\/post"}],"author":[{"embeddable":true,"href":"https:\/\/lebensgarten.at\/index.php?rest_route=\/wp\/v2\/users\/2"}],"replies":[{"embeddable":true,"href":"https:\/\/lebensgarten.at\/index.php?rest_route=%2Fwp%2Fv2%2Fcomments&post=2481"}],"version-history":[{"count":4,"href":"https:\/\/lebensgarten.at\/index.php?rest_route=\/wp\/v2\/posts\/2481\/revisions"}],"predecessor-version":[{"id":2490,"href":"https:\/\/lebensgarten.at\/index.php?rest_route=\/wp\/v2\/posts\/2481\/revisions\/2490"}],"wp:featuredmedia":[{"embeddable":true,"href":"https:\/\/lebensgarten.at\/index.php?rest_route=\/wp\/v2\/media\/2482"}],"wp:attachment":[{"href":"https:\/\/lebensgarten.at\/index.php?rest_route=%2Fwp%2Fv2%2Fmedia&parent=2481"}],"wp:term":[{"taxonomy":"category","embeddable":true,"href":"https:\/\/lebensgarten.at\/index.php?rest_route=%2Fwp%2Fv2%2Fcategories&post=2481"},{"taxonomy":"post_tag","embeddable":true,"href":"https:\/\/lebensgarten.at\/index.php?rest_route=%2Fwp%2Fv2%2Ftags&post=2481"}],"curies":[{"name":"wp","href":"https:\/\/api.w.org\/{rel}","templated":true}]}}