{"id":2460,"date":"2022-04-06T21:50:50","date_gmt":"2022-04-06T21:50:50","guid":{"rendered":"https:\/\/lebensgarten.at\/?p=2460"},"modified":"2022-04-06T22:10:41","modified_gmt":"2022-04-06T22:10:41","slug":"wenn-feuerwanzen-ihren-fruehlingsreigen-tanzen","status":"publish","type":"post","link":"https:\/\/lebensgarten.at\/?p=2460","title":{"rendered":"Wenn Feuerwanzen ihren Fr\u00fchlingsreigen tanzen"},"content":{"rendered":"<p>[et_pb_section fb_built=&#8220;1&#8243; _builder_version=&#8220;4.9.0&#8243; _module_preset=&#8220;default&#8220; global_colors_info=&#8220;{}&#8220; theme_builder_area=&#8220;post_content&#8220;][et_pb_row _builder_version=&#8220;4.9.0&#8243; _module_preset=&#8220;default&#8220; global_colors_info=&#8220;{}&#8220; theme_builder_area=&#8220;post_content&#8220;][et_pb_column type=&#8220;4_4&#8243; _builder_version=&#8220;4.9.0&#8243; _module_preset=&#8220;default&#8220; global_colors_info=&#8220;{}&#8220; theme_builder_area=&#8220;post_content&#8220;][et_pb_text _builder_version=&#8220;4.9.4&#8243; _module_preset=&#8220;default&#8220; global_colors_info=&#8220;{}&#8220; theme_builder_area=&#8220;post_content&#8220;]<\/p>\n<p>Erschreckt war ich vor vielen Jahren noch, als ich zum ersten Mal auf meinen Hibiskusstr\u00e4uchern eine Invasion von roten K\u00e4fern entdeckte. Heute wei\u00df ich, dass diese Tiere keine K\u00e4fer, sondern Wanzen und v\u00f6llig harmlos sind.<\/p>\n<p>Die bei uns in Europa vorkommende ,Gemeine Feuerwanze\u2019 (Pyrrhocoris apterus) ist meist 8 bis 12 mm gro\u00df, hat eine sehr auff\u00e4llige schwarz-rote F\u00e4rbung und ist wegen ihrer stark verk\u00fcrzten Fl\u00fcgel flugunf\u00e4hig.<\/p>\n<p>Diese bei G\u00e4rtnern nicht besonders beliebten Tiere finden sich in gr\u00f6\u00dferen Ansammlungen am Boden unter Linden, Robinien und Malvengew\u00e4chsen. Und oft ,marschieren\u2019 sie auch im Fr\u00fchling auf \u00c4sten von Hibiskusstr\u00e4uchern, auf denen sich noch trockene Samenkapseln befinden.<\/p>\n<p>&nbsp;<\/p>\n<div class=\"et_pb_module et_pb_text et_pb_text_2  et_pb_text_align_left et_pb_bg_layout_light\">\n<div class=\"et_pb_text_inner\"><\/div>\n<\/div>\n<p>[\/et_pb_text][et_pb_image src=&#8220;https:\/\/lebensgarten.at\/wp-content\/uploads\/2022\/04\/Feuerwanze_einzeln.png&#8220; title_text=&#8220;Feuerwanze_einzeln&#8220; _builder_version=&#8220;4.13.0&#8243; _module_preset=&#8220;default&#8220; global_colors_info=&#8220;{}&#8220; theme_builder_area=&#8220;post_content&#8220;][\/et_pb_image][\/et_pb_column][\/et_pb_row][\/et_pb_section][et_pb_section fb_built=&#8220;1&#8243; _builder_version=&#8220;4.9.4&#8243; _module_preset=&#8220;default&#8220; global_colors_info=&#8220;{}&#8220; theme_builder_area=&#8220;post_content&#8220;][et_pb_row _builder_version=&#8220;4.9.4&#8243; _module_preset=&#8220;default&#8220; global_colors_info=&#8220;{}&#8220; theme_builder_area=&#8220;post_content&#8220;][et_pb_column type=&#8220;4_4&#8243; _builder_version=&#8220;4.9.4&#8243; _module_preset=&#8220;default&#8220; global_colors_info=&#8220;{}&#8220; theme_builder_area=&#8220;post_content&#8220;][et_pb_text _builder_version=&#8220;4.9.4&#8243; _module_preset=&#8220;default&#8220; global_colors_info=&#8220;{}&#8220; theme_builder_area=&#8220;post_content&#8220;]<\/p>\n<p><em>Feuerwanzen ern\u00e4hren sich haupts\u00e4chlich von Samen, fressen aber auch Schneckeneier.<\/em><\/p>\n<p><em><\/em><\/p>\n<p>[\/et_pb_text][\/et_pb_column][\/et_pb_row][\/et_pb_section][et_pb_section fb_built=&#8220;1&#8243; _builder_version=&#8220;4.9.4&#8243; _module_preset=&#8220;default&#8220; global_colors_info=&#8220;{}&#8220; theme_builder_area=&#8220;post_content&#8220;][et_pb_row _builder_version=&#8220;4.9.4&#8243; _module_preset=&#8220;default&#8220; global_colors_info=&#8220;{}&#8220; theme_builder_area=&#8220;post_content&#8220;][et_pb_column type=&#8220;4_4&#8243; _builder_version=&#8220;4.9.4&#8243; _module_preset=&#8220;default&#8220; global_colors_info=&#8220;{}&#8220; theme_builder_area=&#8220;post_content&#8220;][et_pb_text _builder_version=&#8220;4.13.0&#8243; _module_preset=&#8220;default&#8220; header_2_text_color=&#8220;#006317&#8243; hover_enabled=&#8220;0&#8243; global_colors_info=&#8220;{}&#8220; theme_builder_area=&#8220;post_content&#8220; sticky_enabled=&#8220;0&#8243;]<\/p>\n<h2>Im Garten auch n\u00fctzlich<\/h2>\n<p>[\/et_pb_text][\/et_pb_column][\/et_pb_row][et_pb_row _builder_version=&#8220;4.9.4&#8243; _module_preset=&#8220;default&#8220; global_colors_info=&#8220;{}&#8220; theme_builder_area=&#8220;post_content&#8220;][et_pb_column type=&#8220;4_4&#8243; _builder_version=&#8220;4.9.4&#8243; _module_preset=&#8220;default&#8220; global_colors_info=&#8220;{}&#8220; theme_builder_area=&#8220;post_content&#8220;][et_pb_text _builder_version=&#8220;4.13.0&#8243; _module_preset=&#8220;default&#8220; global_colors_info=&#8220;{}&#8220; theme_builder_area=&#8220;post_content&#8220;]<\/p>\n<p>Au\u00dfer an Samen tun sie sich noch an toten Kleintieren und an der Brut von Insekten g\u00fctlich, fressen aber auch Schneckeneier \u2013 so gesehen sind sie im Garten sogar n\u00fctzlich!<br \/>Also ein Grund mehr, sie einfach in Ruhe im April und Mai ihren ,Fr\u00fchlingsreigen\u2019 tanzen zu lassen.<\/p>\n<p>Wer sie aber trotzdem partout nicht in seiner N\u00e4he will, kann versuchen, sie mit nat\u00fcrlichen Mitteln zu vertreiben: Feuerwanzen orientieren sich stark an Duftstoffen und kommunizieren auch damit. Wenn man sie nun mit einem stark riechenden Pflanzenauszug (siehe auch meinen Beitrag ,<span style=\"text-decoration: underline;\"><a href=\"https:\/\/www.lebensgarten.at?p=2433\">Pflanzenauszug gegen Blattl\u00e4use<\/a><\/span>\u2019) bespr\u00fcht und damit ihre eigene ,Duftaura\u2019 st\u00f6rt, l\u00f6st sich in vielen F\u00e4llen die Ansammlung auf.<\/p>\n<p>[\/et_pb_text][\/et_pb_column][\/et_pb_row][\/et_pb_section]<\/p>\n","protected":false},"excerpt":{"rendered":"<p>Erschreckt war ich vor vielen Jahren noch, als ich zum ersten Mal auf meinen Hibiskusstr\u00e4uchern eine Invasion von roten K\u00e4fern entdeckte. Heute wei\u00df ich, dass diese Tiere keine K\u00e4fer, sondern Wanzen und v\u00f6llig harmlos sind. Die bei uns in Europa vorkommende ,Gemeine Feuerwanze\u2019 (Pyrrhocoris apterus) ist meist 8 bis 12 mm gro\u00df, hat eine sehr [&hellip;]<\/p>\n","protected":false},"author":2,"featured_media":2461,"comment_status":"open","ping_status":"open","sticky":false,"template":"","format":"standard","meta":{"_et_pb_use_builder":"on","_et_pb_old_content":"","_et_gb_content_width":"","footnotes":""},"categories":[35,16,29],"tags":[],"class_list":["post-2460","post","type-post","status-publish","format-standard","has-post-thumbnail","hentry","category-aktuelles","category-allgemein","category-gartentipps"],"_links":{"self":[{"href":"https:\/\/lebensgarten.at\/index.php?rest_route=\/wp\/v2\/posts\/2460"}],"collection":[{"href":"https:\/\/lebensgarten.at\/index.php?rest_route=\/wp\/v2\/posts"}],"about":[{"href":"https:\/\/lebensgarten.at\/index.php?rest_route=\/wp\/v2\/types\/post"}],"author":[{"embeddable":true,"href":"https:\/\/lebensgarten.at\/index.php?rest_route=\/wp\/v2\/users\/2"}],"replies":[{"embeddable":true,"href":"https:\/\/lebensgarten.at\/index.php?rest_route=%2Fwp%2Fv2%2Fcomments&post=2460"}],"version-history":[{"count":6,"href":"https:\/\/lebensgarten.at\/index.php?rest_route=\/wp\/v2\/posts\/2460\/revisions"}],"predecessor-version":[{"id":2470,"href":"https:\/\/lebensgarten.at\/index.php?rest_route=\/wp\/v2\/posts\/2460\/revisions\/2470"}],"wp:featuredmedia":[{"embeddable":true,"href":"https:\/\/lebensgarten.at\/index.php?rest_route=\/wp\/v2\/media\/2461"}],"wp:attachment":[{"href":"https:\/\/lebensgarten.at\/index.php?rest_route=%2Fwp%2Fv2%2Fmedia&parent=2460"}],"wp:term":[{"taxonomy":"category","embeddable":true,"href":"https:\/\/lebensgarten.at\/index.php?rest_route=%2Fwp%2Fv2%2Fcategories&post=2460"},{"taxonomy":"post_tag","embeddable":true,"href":"https:\/\/lebensgarten.at\/index.php?rest_route=%2Fwp%2Fv2%2Ftags&post=2460"}],"curies":[{"name":"wp","href":"https:\/\/api.w.org\/{rel}","templated":true}]}}