{"id":2395,"date":"2021-11-05T17:28:44","date_gmt":"2021-11-05T17:28:44","guid":{"rendered":"https:\/\/lebensgarten.at\/?p=2395"},"modified":"2021-11-06T17:34:47","modified_gmt":"2021-11-06T17:34:47","slug":"fruehlingsduefte-die-aus-der-kaelte-kommen","status":"publish","type":"post","link":"https:\/\/lebensgarten.at\/?p=2395","title":{"rendered":"Fr\u00fchlingsd\u00fcfte, die aus der K\u00e4lte kommen"},"content":{"rendered":"<p>[et_pb_section fb_built=&#8220;1&#8243; _builder_version=&#8220;4.9.0&#8243; _module_preset=&#8220;default&#8220; global_colors_info=&#8220;{}&#8220; theme_builder_area=&#8220;post_content&#8220;][et_pb_row _builder_version=&#8220;4.9.0&#8243; _module_preset=&#8220;default&#8220; global_colors_info=&#8220;{}&#8220; theme_builder_area=&#8220;post_content&#8220;][et_pb_column type=&#8220;4_4&#8243; _builder_version=&#8220;4.9.0&#8243; _module_preset=&#8220;default&#8220; global_colors_info=&#8220;{}&#8220; theme_builder_area=&#8220;post_content&#8220;][et_pb_text _builder_version=&#8220;4.9.3&#8243; _module_preset=&#8220;default&#8220; custom_padding=&#8220;4px|||||&#8220; global_colors_info=&#8220;{}&#8220; theme_builder_area=&#8220;post_content&#8220;]<\/p>\n<p>Noch k\u00f6nnen wir f\u00fcr eine <strong><span style=\"color: #006317;\">herrlich duftende<\/span><\/strong>, in vielen Farben erbl\u00fchende Fr\u00fchlings-Augenweide in unserem Garten sorgen: Hyazinthen, die wir jetzt setzen, schenken uns in der Zeit zwischen M\u00e4rz und Mai ein optisches und olfaktorisches ,Feuerwerk&#8216;.<\/p>\n<p>Solange der Boden noch frostfrei ist, k\u00f6nnen wir die Hyazinthen-Zwiebeln in den ,Erd-K\u00fchlschrank\u2019 versenken, wo sie \u00fcberwintern und darauf warten, im Fr\u00fchling kr\u00e4ftig auszutreiben und uns mit herrlichen Bl\u00fcten zu erfreuen.<\/p>\n<p><strong><span style=\"color: #006317;\">\u00dcbrigens:<\/span><\/strong> Einmal <strong><span style=\"color: #006317;\">richtig<\/span><\/strong> eingepflanzt, k\u00f6nnen diese Blumenzwiebeln viele Jahre in der Erde bleiben und bis zu 15 Jahre alt werden \u2013 und nat\u00fcrlich jedes Jahr bl\u00fchen.\u00a0<\/p>\n<p>[\/et_pb_text][\/et_pb_column][\/et_pb_row][\/et_pb_section][et_pb_section fb_built=&#8220;1&#8243; theme_builder_area=&#8220;post_content&#8220; _builder_version=&#8220;4.13.0&#8243; _module_preset=&#8220;default&#8220;][et_pb_row _builder_version=&#8220;4.13.0&#8243; _module_preset=&#8220;default&#8220; theme_builder_area=&#8220;post_content&#8220;][et_pb_column _builder_version=&#8220;4.13.0&#8243; _module_preset=&#8220;default&#8220; type=&#8220;4_4&#8243; theme_builder_area=&#8220;post_content&#8220;][et_pb_text _builder_version=&#8220;4.13.0&#8243; _module_preset=&#8220;default&#8220; theme_builder_area=&#8220;post_content&#8220; hover_enabled=&#8220;0&#8243; sticky_enabled=&#8220;0&#8243;]<\/p>\n<h3><strong><span style=\"color: #006317;\">Sonniger Platz mit lockerer Erde<\/span><\/strong><\/h3>\n<p>[\/et_pb_text][\/et_pb_column][\/et_pb_row][\/et_pb_section][et_pb_section fb_built=&#8220;1&#8243; theme_builder_area=&#8220;post_content&#8220; _builder_version=&#8220;4.13.0&#8243; _module_preset=&#8220;default&#8220;][et_pb_row _builder_version=&#8220;4.13.0&#8243; _module_preset=&#8220;default&#8220; theme_builder_area=&#8220;post_content&#8220;][et_pb_column _builder_version=&#8220;4.13.0&#8243; _module_preset=&#8220;default&#8220; type=&#8220;4_4&#8243; theme_builder_area=&#8220;post_content&#8220;][et_pb_text _builder_version=&#8220;4.13.0&#8243; _module_preset=&#8220;default&#8220; theme_builder_area=&#8220;post_content&#8220; hover_enabled=&#8220;0&#8243; sticky_enabled=&#8220;0&#8243;]<\/p>\n<p><strong><span style=\"color: #006317;\">Wichtig<\/span><\/strong> ist nur, dass wir den richtigen ,Standort\u2019 f\u00fcr die Hyazinthen aussuchen: Der Platz im Garten sollte eher sonnig sein, die Erde locker und gut durchl\u00e4ssig \u2013 eventuell macht es Sinn, am Boden der Pflanzl\u00f6cher eine kleine Drainageschicht aus Bl\u00e4hton zu machen. Da schaden dann auch mehrere Regentage nicht, weil das Wasser gut versickern kann. Die Hyazinthen danken es mit besonderer Bl\u00fctenpracht, wenn wir die Erde rundum mit etwas Kompost anreichern, zus\u00e4tzlicher D\u00fcnger ist nicht notwendig.<\/p>\n<p>Gepflanzt werden die Hyazinthen-Zwiebeln in einem Abstand von etwa 10 cm, jedenfalls nicht so knapp, dass sich die Zwiebeln ber\u00fchren. Die Pflanztiefe sollte etwa dem doppelten Durchmesser der einzelnen Zwiebeln entsprechen. Die Pflanzl\u00f6cher dann mit guter lockerer Gartenerde auff\u00fcllen und nur leicht andr\u00fccken. Gegossen wird nicht.<\/p>\n<p>[\/et_pb_text][et_pb_text _builder_version=&#8220;4.13.0&#8243; _module_preset=&#8220;default&#8220; theme_builder_area=&#8220;post_content&#8220; hover_enabled=&#8220;0&#8243; sticky_enabled=&#8220;0&#8243;]<\/p>\n<h3><strong><span style=\"color: #006317;\">Tannenreisig sch\u00fctzt<\/span><\/strong><\/h3>\n<p>[\/et_pb_text][et_pb_text _builder_version=&#8220;4.13.0&#8243; _module_preset=&#8220;default&#8220; theme_builder_area=&#8220;post_content&#8220; hover_enabled=&#8220;0&#8243; sticky_enabled=&#8220;0&#8243;]<\/p>\n<p><span style=\"color: #006317;\"><strong>Tipp:<\/strong><\/span> Wer seine Hyazinthen besonders sch\u00fctzen m\u00f6chte, kann die Pflanzfl\u00e4che mit Tannenreisig abdecken \u2013 das sch\u00fctzt vor K\u00e4lte und Tieren.<br \/><strong><span style=\"color: #006317;\">Wichtig<\/span><\/strong> ist, im Fr\u00fchling daran zu denken, das Reisig wieder zu entfernen und \u2013 sobald sich die ersten Triebspitzen zeigen \u2013 die Erde gut zu befeuchten.<\/p>\n<p>Sehr sch\u00f6n macht es sich, wenn wir die Hyazinthen in Gruppen und in verschiedenen Farben \u2013 es gibt sie in den Farben Wei\u00df, Gelb, Rosa, Rot, Blau und Violett \u2013 setzen. Mit unterschiedlichen Sorten und verschiedenen Gr\u00f6\u00dfen (erkennbar an der Zwiebelgr\u00f6\u00dfe) k\u00f6nnen wir zus\u00e4tzliche ,Dynamik\u2019 in unser Hyazinthenbeet bringen.<\/p>\n<p>&nbsp;<\/p>\n<p>&nbsp;<\/p>\n<p>[\/et_pb_text][\/et_pb_column][\/et_pb_row][\/et_pb_section]<\/p>\n","protected":false},"excerpt":{"rendered":"<p>Noch k\u00f6nnen wir f\u00fcr eine herrlich duftende, in vielen Farben erbl\u00fchende Fr\u00fchlings-Augenweide in unserem Garten sorgen: Hyazinthen, die wir jetzt setzen, schenken uns in der Zeit zwischen M\u00e4rz und Mai ein optisches und olfaktorisches ,Feuerwerk&#8216;. Solange der Boden noch frostfrei ist, k\u00f6nnen wir die Hyazinthen-Zwiebeln in den ,Erd-K\u00fchlschrank\u2019 versenken, wo sie \u00fcberwintern und darauf warten, [&hellip;]<\/p>\n","protected":false},"author":2,"featured_media":2396,"comment_status":"open","ping_status":"open","sticky":false,"template":"","format":"standard","meta":{"_et_pb_use_builder":"on","_et_pb_old_content":"","_et_gb_content_width":"","footnotes":""},"categories":[35,16,11,29,22],"tags":[],"class_list":["post-2395","post","type-post","status-publish","format-standard","has-post-thumbnail","hentry","category-aktuelles","category-allgemein","category-duftgarten","category-gartentipps","category-pflanzenwissen"],"_links":{"self":[{"href":"https:\/\/lebensgarten.at\/index.php?rest_route=\/wp\/v2\/posts\/2395"}],"collection":[{"href":"https:\/\/lebensgarten.at\/index.php?rest_route=\/wp\/v2\/posts"}],"about":[{"href":"https:\/\/lebensgarten.at\/index.php?rest_route=\/wp\/v2\/types\/post"}],"author":[{"embeddable":true,"href":"https:\/\/lebensgarten.at\/index.php?rest_route=\/wp\/v2\/users\/2"}],"replies":[{"embeddable":true,"href":"https:\/\/lebensgarten.at\/index.php?rest_route=%2Fwp%2Fv2%2Fcomments&post=2395"}],"version-history":[{"count":5,"href":"https:\/\/lebensgarten.at\/index.php?rest_route=\/wp\/v2\/posts\/2395\/revisions"}],"predecessor-version":[{"id":2405,"href":"https:\/\/lebensgarten.at\/index.php?rest_route=\/wp\/v2\/posts\/2395\/revisions\/2405"}],"wp:featuredmedia":[{"embeddable":true,"href":"https:\/\/lebensgarten.at\/index.php?rest_route=\/wp\/v2\/media\/2396"}],"wp:attachment":[{"href":"https:\/\/lebensgarten.at\/index.php?rest_route=%2Fwp%2Fv2%2Fmedia&parent=2395"}],"wp:term":[{"taxonomy":"category","embeddable":true,"href":"https:\/\/lebensgarten.at\/index.php?rest_route=%2Fwp%2Fv2%2Fcategories&post=2395"},{"taxonomy":"post_tag","embeddable":true,"href":"https:\/\/lebensgarten.at\/index.php?rest_route=%2Fwp%2Fv2%2Ftags&post=2395"}],"curies":[{"name":"wp","href":"https:\/\/api.w.org\/{rel}","templated":true}]}}