{"id":2368,"date":"2021-10-14T09:00:54","date_gmt":"2021-10-14T09:00:54","guid":{"rendered":"https:\/\/lebensgarten.at\/?p=2368"},"modified":"2021-10-14T09:00:54","modified_gmt":"2021-10-14T09:00:54","slug":"quarantaene-fuer-rosenblaetter","status":"publish","type":"post","link":"https:\/\/lebensgarten.at\/?p=2368","title":{"rendered":"Quarant\u00e4ne f\u00fcr Rosenbl\u00e4tter"},"content":{"rendered":"<p>[et_pb_section fb_built=&#8220;1&#8243; _builder_version=&#8220;4.9.0&#8243; _module_preset=&#8220;default&#8220; global_colors_info=&#8220;{}&#8220;][et_pb_row _builder_version=&#8220;4.9.0&#8243; _module_preset=&#8220;default&#8220; global_colors_info=&#8220;{}&#8220;][et_pb_column type=&#8220;4_4&#8243; _builder_version=&#8220;4.9.0&#8243; _module_preset=&#8220;default&#8220; global_colors_info=&#8220;{}&#8220;][et_pb_text _builder_version=&#8220;4.9.0&#8243; _module_preset=&#8220;default&#8220; global_colors_info=&#8220;{}&#8220;]<\/p>\n<p>Die letzten Rosenbl\u00fcten dieses Jahres erfreuen jetzt unsere Augen und bet\u00f6ren durch ihren feinen Duft. Jetzt ist aber auch die Zeit gekommen, unsere Rosen f\u00fcr den Winter vorzubereiten, damit wir uns im n\u00e4chsten Jahr wieder an ihnen erfreuen k\u00f6nnen.<\/p>\n<p>Ganz lange Triebe k\u00f6nnen wir jetzt zur\u00fcckschneiden, einen radikalen R\u00fcckschnitt sollten wir uns besser f\u00fcrs Fr\u00fchjahr, wenn kein Frost mehr kommt, aufheben. Die Pflanze hat damit mehr Kraft, gut durch die kalte Jahreszeit zu kommen.<\/p>\n<p>Wichtig: Jetzt ist aber auch die Zeit, die Bl\u00e4tter der Rosen zu kontrollieren, ob sie eventuell von Krankheiten befallen sind, wie etwa dem Rosenrost (im Bild oben links) oder dem Sternru\u00dftau (Bild oben rechts).<\/p>\n<p>Rosenrost erkennt man an gelb-roten Flecken an der Unterseite der Bl\u00e4tter, Sternru\u00dftau an runden braun-schwarzen Flecken, die sich an den Blattoberseiten befinden und meist an den R\u00e4ndern sternartig auseinanderlaufen.<\/p>\n<p>[\/et_pb_text][et_pb_text _builder_version=&#8220;4.10.5&#8243; _module_preset=&#8220;default&#8220; hover_enabled=&#8220;0&#8243; global_colors_info=&#8220;{}&#8220; sticky_enabled=&#8220;0&#8243;]<\/p>\n<h2><span style=\"color: #006317;\">Befallene Bl\u00e4tter ,isolieren&#8216;<\/span><\/h2>\n<p>[\/et_pb_text][et_pb_text _builder_version=&#8220;4.9.0&#8243; _module_preset=&#8220;default&#8220; global_colors_info=&#8220;{}&#8220;]<\/p>\n<p>Alle Triebe, deren Bl\u00e4tter von diesen Pilzkrankheiten befallen sind, geh\u00f6ren radikal weggeschnitten und &#8218;isoliert&#8216; im Hausm\u00fcll entsorgt, bereits abgefallene Bl\u00e4tter ebenfalls.<\/p>\n<p>Keinesfalls sollte man solche Bl\u00e4tter bei den Rosenpflanzen liegen lassen oder auf den Kompost geben, da die Pilzsporen dort \u00fcberwintern und im Fr\u00fchjahr die Pflanzen erneut infizieren.<\/p>\n<p>Generell brauchen <strong>alle \u00f6fter bl\u00fchenden Rosen im Fr\u00fchjahr<\/strong> einen kr\u00e4ftigen Schnitt, damit sie nach der Erstbl\u00fcte noch Kraft f\u00fcr die Nachbl\u00fcte besitzen. <strong>Einmal bl\u00fchende Rosen erhalten keinen Fr\u00fchjahrsschnitt<\/strong>, da sie an den Trieben des Vorjahres bl\u00fchen.<\/p>\n<p>Bleibt nur noch, die Rosenpflanzen an der Basis etwa 10 cm hoch mit Erde oder Spezialmulch ,anzuh\u00e4ufeln&#8216; und eventuell zus\u00e4tzlich mit etwas Tannenreisig zu sch\u00fctzen, damit sie durch Frost und Wintersonne keinen Schaden erleiden.<\/p>\n<p><strong><span style=\"color: #006317;\">Mein spezieller Tipp:<\/span><\/strong> Ich kontrolliere ab und zu, ob Erde und Mulch noch richtig sch\u00fctzend um die Rosenst\u00e4mme liegen, da ich in meinem Garten sehr ,eifrige&#8216; Eichh\u00f6rnchen habe, die im Sp\u00e4therbst N\u00fcsse vergraben und dabei meine ,Erdh\u00e4ufchen&#8216; zerst\u00f6ren &#8230;<\/p>\n<p>Und jetzt w\u00fcnsche ich meinen Rosen einen milden Winter und freue mich schon sehr, wenn sich im Fr\u00fchjahr die ersten Austriebe und Bl\u00fctenknospen zeigen!<\/p>\n<p>&nbsp;<\/p>\n<div class=\"et_pb_module et_pb_text et_pb_text_2  et_pb_text_align_left et_pb_bg_layout_light\">\n<div class=\"et_pb_text_inner\"><\/div>\n<\/div>\n<p>[\/et_pb_text][\/et_pb_column][\/et_pb_row][\/et_pb_section]<\/p>\n","protected":false},"excerpt":{"rendered":"<p>Die letzten Rosenbl\u00fcten dieses Jahres erfreuen jetzt unsere Augen und bet\u00f6ren durch ihren feinen Duft. Jetzt ist aber auch die Zeit gekommen, unsere Rosen f\u00fcr den Winter vorzubereiten, damit wir uns im n\u00e4chsten Jahr wieder an ihnen erfreuen k\u00f6nnen. Ganz lange Triebe k\u00f6nnen wir jetzt zur\u00fcckschneiden, einen radikalen R\u00fcckschnitt sollten wir uns besser f\u00fcrs Fr\u00fchjahr, [&hellip;]<\/p>\n","protected":false},"author":2,"featured_media":2369,"comment_status":"open","ping_status":"open","sticky":false,"template":"","format":"standard","meta":{"_et_pb_use_builder":"on","_et_pb_old_content":"","_et_gb_content_width":"","footnotes":""},"categories":[35,16,29,22],"tags":[],"class_list":["post-2368","post","type-post","status-publish","format-standard","has-post-thumbnail","hentry","category-aktuelles","category-allgemein","category-gartentipps","category-pflanzenwissen"],"_links":{"self":[{"href":"https:\/\/lebensgarten.at\/index.php?rest_route=\/wp\/v2\/posts\/2368"}],"collection":[{"href":"https:\/\/lebensgarten.at\/index.php?rest_route=\/wp\/v2\/posts"}],"about":[{"href":"https:\/\/lebensgarten.at\/index.php?rest_route=\/wp\/v2\/types\/post"}],"author":[{"embeddable":true,"href":"https:\/\/lebensgarten.at\/index.php?rest_route=\/wp\/v2\/users\/2"}],"replies":[{"embeddable":true,"href":"https:\/\/lebensgarten.at\/index.php?rest_route=%2Fwp%2Fv2%2Fcomments&post=2368"}],"version-history":[{"count":3,"href":"https:\/\/lebensgarten.at\/index.php?rest_route=\/wp\/v2\/posts\/2368\/revisions"}],"predecessor-version":[{"id":2372,"href":"https:\/\/lebensgarten.at\/index.php?rest_route=\/wp\/v2\/posts\/2368\/revisions\/2372"}],"wp:featuredmedia":[{"embeddable":true,"href":"https:\/\/lebensgarten.at\/index.php?rest_route=\/wp\/v2\/media\/2369"}],"wp:attachment":[{"href":"https:\/\/lebensgarten.at\/index.php?rest_route=%2Fwp%2Fv2%2Fmedia&parent=2368"}],"wp:term":[{"taxonomy":"category","embeddable":true,"href":"https:\/\/lebensgarten.at\/index.php?rest_route=%2Fwp%2Fv2%2Fcategories&post=2368"},{"taxonomy":"post_tag","embeddable":true,"href":"https:\/\/lebensgarten.at\/index.php?rest_route=%2Fwp%2Fv2%2Ftags&post=2368"}],"curies":[{"name":"wp","href":"https:\/\/api.w.org\/{rel}","templated":true}]}}