{"id":2351,"date":"2021-09-08T13:55:09","date_gmt":"2021-09-08T13:55:09","guid":{"rendered":"https:\/\/lebensgarten.at\/?p=2351"},"modified":"2021-09-08T13:56:28","modified_gmt":"2021-09-08T13:56:28","slug":"int-gartenbaumesse-tulln-2021","status":"publish","type":"post","link":"https:\/\/lebensgarten.at\/?p=2351","title":{"rendered":"Int. Gartenbaumesse Tulln 2021"},"content":{"rendered":"<p>[et_pb_section fb_built=&#8220;1&#8243; _builder_version=&#8220;4.9.0&#8243; _module_preset=&#8220;default&#8220; global_colors_info=&#8220;{}&#8220;][et_pb_row _builder_version=&#8220;4.9.0&#8243; _module_preset=&#8220;default&#8220; global_colors_info=&#8220;{}&#8220;][et_pb_column type=&#8220;4_4&#8243; _builder_version=&#8220;4.9.0&#8243; _module_preset=&#8220;default&#8220; global_colors_info=&#8220;{}&#8220;][et_pb_text _builder_version=&#8220;4.9.0&#8243; _module_preset=&#8220;default&#8220; global_colors_info=&#8220;{}&#8220;]<\/p>\n<p><span style=\"font-size: 20px;\">Traumhafte Blumenarrangements und jede Menge praktischer Anregungen f\u00fcr alle, die Pflanzen lieben und in ihren G\u00e4rten so richtig \u201aaufbl\u00fchen\u2019, pr\u00e4sentierte die heurige Internationale Gartenbaumesse, die vom 2. bis 6. September in Tulln stattfand.<br \/>Unter dem Motto ,Gartentr\u00e4ume\u2019 wurden von den besten \u00f6sterreichischen G\u00e4rtnern und Floristen mehr als 200.000 Blumen zu traumhaften Gestecken und eindrucksvollen Musterg\u00e4rten verwandelt.<\/span><\/p>\n<div class=\"et_pb_module et_pb_text et_pb_text_2  et_pb_text_align_left et_pb_bg_layout_light\">\n<div class=\"et_pb_text_inner\">\n<p>&nbsp;<\/p>\n<\/div>\n<\/div>\n<p>[\/et_pb_text][et_pb_image src=&#8220;https:\/\/lebensgarten.at\/wp-content\/uploads\/2021\/09\/Kittenberger-Begruenung-Sichtschutz.png&#8220; _builder_version=&#8220;4.10.5&#8243; _module_preset=&#8220;default&#8220; hover_enabled=&#8220;0&#8243; sticky_enabled=&#8220;0&#8243;][\/et_pb_image][et_pb_text _builder_version=&#8220;4.10.5&#8243; _module_preset=&#8220;default&#8220; hover_enabled=&#8220;0&#8243; global_colors_info=&#8220;{}&#8220; sticky_enabled=&#8220;0&#8243;]<\/p>\n<h2><span style=\"color: #006317;\">Von Badeteich bis Begr\u00fcnung<\/span><\/h2>\n<p>[\/et_pb_text][et_pb_text _builder_version=&#8220;4.9.0&#8243; _module_preset=&#8220;default&#8220; global_colors_info=&#8220;{}&#8220;]<\/p>\n<p>Gartengestalter zeigten, wie man seinen Garten zu einer gr\u00fcnen \u2013 und umweltgerechten \u2013 Wellness-Oase umgestalten kann. <br \/>Beispielsweise die einfache und schnelle \u201aErrichtung\u2019 eines Sichtschutzes mit Efeuw\u00e4nden (die man per Laufmeter erwerben kann) statt der noch immer weit verbreiteten, aber in vielerlei Hinsicht problematischen Thujen. Oder Begr\u00fcnungen von unsch\u00f6nen W\u00e4nden mit Gr\u00fcnpflanzen und Bl\u00fctenstauden, die nicht nur unser Auge, sondern auch V\u00f6gel und viele n\u00fctzliche Insekten erfreuen (kleine Bilder oben links und rechts).<br \/>Und da die Sommer immer hei\u00dfer werden, gibt es einen ganz starken Trend, den Garten durch k\u00fchlende ,Wasserstellen\u2019 unterschiedlichster Art \u2013 vom kleinen Springbrunnen bis zum Badeteich \u2013 noch ,wohnlicher\u2019 zu machen.<\/p>\n<p>&nbsp;<\/p>\n<div class=\"et_pb_module et_pb_text et_pb_text_2  et_pb_text_align_left et_pb_bg_layout_light\">\n<div class=\"et_pb_text_inner\"><\/div>\n<\/div>\n<p>[\/et_pb_text][et_pb_image src=&#8220;https:\/\/lebensgarten.at\/wp-content\/uploads\/2021\/09\/Schlossgarten.png&#8220; _builder_version=&#8220;4.10.5&#8243; _module_preset=&#8220;default&#8220; hover_enabled=&#8220;0&#8243; sticky_enabled=&#8220;0&#8243;][\/et_pb_image][et_pb_text _builder_version=&#8220;4.10.5&#8243; _module_preset=&#8220;default&#8220; hover_enabled=&#8220;0&#8243; sticky_enabled=&#8220;0&#8243;]<\/p>\n<p>In die Zeit des franz\u00f6sischen Sonnenk\u00f6nigs, Ludwig IX, f\u00fchlten wir uns im prachtvollen <strong>Schlossgarten<\/strong> zur\u00fcckversetzt. Er lud ein, zwischen den akkurat gestutzten B\u00fcschen und den farblich perfekt abgestimmten Bl\u00fcten wie vor Jahrhunderten mit den Augen zu ,lustwandeln\u2019 und lie\u00df uns beinahe die Zeit vergessen.<\/p>\n<p>&nbsp;<\/p>\n<p>[\/et_pb_text][et_pb_image src=&#8220;https:\/\/lebensgarten.at\/wp-content\/uploads\/2021\/09\/Rosengarten-englisch.png&#8220; _builder_version=&#8220;4.10.5&#8243; _module_preset=&#8220;default&#8220; hover_enabled=&#8220;0&#8243; sticky_enabled=&#8220;0&#8243;][\/et_pb_image][et_pb_text _builder_version=&#8220;4.10.5&#8243; _module_preset=&#8220;default&#8220; hover_enabled=&#8220;0&#8243; sticky_enabled=&#8220;0&#8243;]<\/p>\n<p>Wunderbaren Duft verstr\u00f6mte der <strong>englische Rosengarten<\/strong>, an dem wir uns gar nicht sattsehen konnten. Ein Fest f\u00fcr alle Sinne! Auch die Queen w\u00e4re ,amused\u00b4 gewesen.<\/p>\n<p>&nbsp;<\/p>\n<p>[\/et_pb_text][et_pb_image src=&#8220;https:\/\/lebensgarten.at\/wp-content\/uploads\/2021\/09\/Indischer-Gemuesegarten.png&#8220; _builder_version=&#8220;4.10.5&#8243; _module_preset=&#8220;default&#8220; hover_enabled=&#8220;0&#8243; sticky_enabled=&#8220;0&#8243;][\/et_pb_image][et_pb_text _builder_version=&#8220;4.10.5&#8243; _module_preset=&#8220;default&#8220; hover_enabled=&#8220;0&#8243; sticky_enabled=&#8220;0&#8243;]<\/p>\n<p>In die orientalische Welt lie\u00df uns der <strong>indische Garten<\/strong> eintauchen. Im Mittelpunkt stand ein gro\u00dfes Wasserbecken. Buntes Gem\u00fcse, wie gelbe und rote Paprika, Zucchini und Melanzane, waren zu einem symmetrischen Symbol gestaltet, Blumen und duftende Kr\u00e4uter erg\u00e4nzten die Gartenpracht.<\/p>\n<p>&nbsp;<\/p>\n<p>[\/et_pb_text][et_pb_image src=&#8220;https:\/\/lebensgarten.at\/wp-content\/uploads\/2021\/09\/Popup-Garten.png&#8220; _builder_version=&#8220;4.10.5&#8243; _module_preset=&#8220;default&#8220; hover_enabled=&#8220;0&#8243; sticky_enabled=&#8220;0&#8243;][\/et_pb_image][et_pb_text _builder_version=&#8220;4.10.5&#8243; _module_preset=&#8220;default&#8220; hover_enabled=&#8220;0&#8243; sticky_enabled=&#8220;0&#8243;]<\/p>\n<p>Unter dem Motto <strong>,Pop Art im Rosengarten&#8216;<\/strong> pr\u00e4sentierte die G\u00e4rtnerei Starkl eine moderne Rosenschau. Zwei gro\u00dfe Wasserbecken mit Pop Art-Figuren waren mit Rosen dekoriert und mit grell bemalten Vasen und Tischen zu ,Kunstwerken\u2019 arrangiert.<\/p>\n<p>&nbsp;<\/p>\n<p>[\/et_pb_text][et_pb_image src=&#8220;https:\/\/lebensgarten.at\/wp-content\/uploads\/2021\/09\/Regenwald-Garten.png&#8220; _builder_version=&#8220;4.10.5&#8243; _module_preset=&#8220;default&#8220; hover_enabled=&#8220;0&#8243; sticky_enabled=&#8220;0&#8243;][\/et_pb_image][et_pb_text _builder_version=&#8220;4.10.5&#8243; _module_preset=&#8220;default&#8220; hover_enabled=&#8220;0&#8243; sticky_enabled=&#8220;0&#8243;]<\/p>\n<p>Viele exotische Pflanzen und Bl\u00fcten, Lianen, einen ,naturnah\u2019 \u00fcberbr\u00fcckten Wasserlauf und (k\u00fcnstliche) Nebelschwaden konnte man in einem gro\u00dfen <strong>Regenwald-Garten<\/strong>\u00a0sehen. Damit wurde auch symbolisch gezeigt, dass es durchaus m\u00f6glich ist, einen Garten ohne Beton, Metall und Kunststoff anzulegen \u2026<\/p>\n<p>&nbsp;<\/p>\n<p>[\/et_pb_text][et_pb_image src=&#8220;https:\/\/lebensgarten.at\/wp-content\/uploads\/2021\/09\/Olivenbaum.png&#8220; _builder_version=&#8220;4.10.5&#8243; _module_preset=&#8220;default&#8220; hover_enabled=&#8220;0&#8243; sticky_enabled=&#8220;0&#8243;][\/et_pb_image][et_pb_text _builder_version=&#8220;4.10.5&#8243; _module_preset=&#8220;default&#8220; hover_enabled=&#8220;0&#8243; global_colors_info=&#8220;{}&#8220; sticky_enabled=&#8220;0&#8243;]<\/p>\n<h2><span style=\"color: #006317;\">Herrliche alte Olivenb\u00e4ume<\/span><\/h2>\n<p>[\/et_pb_text][et_pb_text _builder_version=&#8220;4.9.0&#8243; _module_preset=&#8220;default&#8220; global_colors_info=&#8220;{}&#8220;]<\/p>\n<p>Das Herz von Bewunderern alter Olivenb\u00e4ume h\u00f6her schlagen lie\u00dfen einige knorrige Exemplare, die auf dem Freigel\u00e4nde angeboten wurden.<br \/>Sie stammen aus Norditalien, sind deshalb an rauere Umweltbedingungen gew\u00f6hnt und vertragen laut Anbieter Temperaturen bis zu minus 28\u00b0C!<\/p>\n<p>Wir waren so fasziniert von der archaischen Anmut dieser alten B\u00e4ume, dass wir sie \u2013 wie magnetisch angezogen \u2013 gleich dreimal ,besucht\u2019 und sehnsuchtsvoll \u00fcberlegt haben, ob einer davon vielleicht doch unseren Garten ,veredeln\u2019 k\u00f6nnte <\/p>\n<p>&nbsp;<\/p>\n<div class=\"et_pb_module et_pb_text et_pb_text_2  et_pb_text_align_left et_pb_bg_layout_light\">\n<div class=\"et_pb_text_inner\"><\/div>\n<\/div>\n<p>[\/et_pb_text][\/et_pb_column][\/et_pb_row][\/et_pb_section]<\/p>\n","protected":false},"excerpt":{"rendered":"<p>Traumhafte Blumenarrangements und jede Menge praktischer Anregungen f\u00fcr alle, die Pflanzen lieben und in ihren G\u00e4rten so richtig \u201aaufbl\u00fchen\u2019, pr\u00e4sentierte die heurige Internationale Gartenbaumesse, die vom 2. bis 6. September in Tulln stattfand.Unter dem Motto ,Gartentr\u00e4ume\u2019 wurden von den besten \u00f6sterreichischen G\u00e4rtnern und Floristen mehr als 200.000 Blumen zu traumhaften Gestecken und eindrucksvollen Musterg\u00e4rten verwandelt. [&hellip;]<\/p>\n","protected":false},"author":6,"featured_media":2352,"comment_status":"open","ping_status":"open","sticky":false,"template":"","format":"standard","meta":{"_et_pb_use_builder":"on","_et_pb_old_content":"","_et_gb_content_width":"","footnotes":""},"categories":[35,16,29],"tags":[],"class_list":["post-2351","post","type-post","status-publish","format-standard","has-post-thumbnail","hentry","category-aktuelles","category-allgemein","category-gartentipps"],"_links":{"self":[{"href":"https:\/\/lebensgarten.at\/index.php?rest_route=\/wp\/v2\/posts\/2351"}],"collection":[{"href":"https:\/\/lebensgarten.at\/index.php?rest_route=\/wp\/v2\/posts"}],"about":[{"href":"https:\/\/lebensgarten.at\/index.php?rest_route=\/wp\/v2\/types\/post"}],"author":[{"embeddable":true,"href":"https:\/\/lebensgarten.at\/index.php?rest_route=\/wp\/v2\/users\/6"}],"replies":[{"embeddable":true,"href":"https:\/\/lebensgarten.at\/index.php?rest_route=%2Fwp%2Fv2%2Fcomments&post=2351"}],"version-history":[{"count":5,"href":"https:\/\/lebensgarten.at\/index.php?rest_route=\/wp\/v2\/posts\/2351\/revisions"}],"predecessor-version":[{"id":2366,"href":"https:\/\/lebensgarten.at\/index.php?rest_route=\/wp\/v2\/posts\/2351\/revisions\/2366"}],"wp:featuredmedia":[{"embeddable":true,"href":"https:\/\/lebensgarten.at\/index.php?rest_route=\/wp\/v2\/media\/2352"}],"wp:attachment":[{"href":"https:\/\/lebensgarten.at\/index.php?rest_route=%2Fwp%2Fv2%2Fmedia&parent=2351"}],"wp:term":[{"taxonomy":"category","embeddable":true,"href":"https:\/\/lebensgarten.at\/index.php?rest_route=%2Fwp%2Fv2%2Fcategories&post=2351"},{"taxonomy":"post_tag","embeddable":true,"href":"https:\/\/lebensgarten.at\/index.php?rest_route=%2Fwp%2Fv2%2Ftags&post=2351"}],"curies":[{"name":"wp","href":"https:\/\/api.w.org\/{rel}","templated":true}]}}