{"id":2317,"date":"2021-07-02T11:23:18","date_gmt":"2021-07-02T11:23:18","guid":{"rendered":"https:\/\/lebensgarten.at\/?p=2317"},"modified":"2021-07-02T11:45:20","modified_gmt":"2021-07-02T11:45:20","slug":"heizschwammerl-gegen-sommerhitze","status":"publish","type":"post","link":"https:\/\/lebensgarten.at\/?p=2317","title":{"rendered":",Heizschwammerl&#8216; gegen Sommerhitze?"},"content":{"rendered":"<p>[et_pb_section fb_built=&#8220;1&#8243; _builder_version=&#8220;4.9.0&#8243; _module_preset=&#8220;default&#8220;][et_pb_row _builder_version=&#8220;4.9.0&#8243; _module_preset=&#8220;default&#8220;][et_pb_column type=&#8220;4_4&#8243; _builder_version=&#8220;4.9.0&#8243; _module_preset=&#8220;default&#8220;][et_pb_text _builder_version=&#8220;4.9.7&#8243; _module_preset=&#8220;default&#8220; hover_enabled=&#8220;0&#8243; sticky_enabled=&#8220;0&#8243;]<\/p>\n<p>,Hei\u00dfe\u2019 Diskussionen im wahrsten Sinn des Wortes gab es k\u00fcrzlich bei einem Gartenfest von Freunden \u00fcber den Modetrend, Sonnenschirme mit schwarzer Bespannung aufzustellen, weil diese wie ,Heizschwammerln\u2019 wirken und dazu beitragen, dass sich nicht nur der Garten, sondern auch unser Klima allgemein weiter ,aufheizt\u2019 \u2026\u00a0<\/p>\n<div class=\"et_pb_module et_pb_text et_pb_text_2  et_pb_text_align_left et_pb_bg_layout_light\">\n<div class=\"et_pb_text_inner\">\n<p><span>Grunds\u00e4tzlich ist es ja so, dass alle schwarzen Fl\u00e4chen, auf die Sonnenstrahlen auftreffen, diese optimal in W\u00e4rme umwandeln \u2013 im Gegensatz zu wei\u00dfen Fl\u00e4chen, die die Lichtstrahlen\u00a0 am st\u00e4rksten reflektieren und dadurch die geringste W\u00e4rmeumwandlung produzieren.<\/span><\/p>\n<p><span>Weil die Diskussionen gar so heftig waren, habe ich mich am n\u00e4chsten Tag zum Computer gesetzt und recherchiert, was dran ist an der Heizschwammerl-Diskussion, und bin zu folgenden Resultaten gekommen:<br \/><\/span><span><br \/><\/span><\/p>\n<ul>\n<li><span>Schwarze Sonnenschirme heizen sich und den darunter befindlichen Luftraum sowie Boden mehr auf als helle Schirme. Dies kann man mit Messungen eindeutig beweisen.<\/span><\/li>\n<li><span>Diesem tags\u00fcber unangenehmen Effekt kann man jedoch auch eine positive Seite abgewinnen, wenn man gerne abends l\u00e4nger im Freien sitzen bleibt, weil dann die gespeicherte W\u00e4rme unterm Schirm auch f\u00fcr ,kuschelige\u2019 Temperaturen sorgt, wenn es ringsum merklich abk\u00fchlt.<\/span><\/li>\n<li><span>Und noch einen positiven Effekt konnten die Verfechter der stylischen schwarzen Sonnenschirme anf\u00fchren: In vielen F\u00e4llen bieten dunkle Schirme besseren Schutz vor UV-Strahlung, weil sie einfach weniger davon durchlassen. Die Verfechter der wei\u00dfen hatten allerdings auch recht, wenn sie argumentierten, dass es nicht allein auf die Farbe, sondern auch auf die Qualit\u00e4ten der Stoffe ankommt, wie stark ein Schutz vor UV-Strahlung ist.<br \/><\/span><\/li>\n<\/ul>\n<ul><\/ul>\n<\/div>\n<\/div>\n<p>[\/et_pb_text][et_pb_image src=&#8220;https:\/\/lebensgarten.at\/wp-content\/uploads\/2021\/07\/Leiste-Siegel-UPF50.png&#8220; _builder_version=&#8220;4.9.7&#8243; _module_preset=&#8220;default&#8220; title_text=&#8220;Leiste Siegel UPF50&#8243; hover_enabled=&#8220;0&#8243; sticky_enabled=&#8220;0&#8243; custom_margin=&#8220;||8px|||&#8220;][\/et_pb_image][et_pb_text _builder_version=&#8220;4.9.7&#8243; _module_preset=&#8220;default&#8220; hover_enabled=&#8220;0&#8243; sticky_enabled=&#8220;0&#8243; min_height=&#8220;90px&#8220;]<\/p>\n<p><em>Welche Farbe auch immer der Schirmstoff hat &#8211; beim Kauf sollte man unbedingt auf ein UV-G\u00fctesiegel achten, das wie auf dem Bild oder \u00e4hnlich aussieht.<\/em>\u00a0<\/p>\n<div class=\"et_pb_module et_pb_text et_pb_text_2  et_pb_text_align_left et_pb_bg_layout_light\">\n<div class=\"et_pb_text_inner\"><\/div>\n<\/div>\n<p>[\/et_pb_text][et_pb_text _builder_version=&#8220;4.9.0&#8243; _module_preset=&#8220;default&#8220;]<\/p>\n<p><span><\/p>\n<p>Wenn man \u2013 so habe ich herausgefunden \u2013 einen Sonnenschirm kauft, sollte man daher auf Folgendes achten:<\/span><\/p>\n<ul>\n<li><span>In erster Linie auf eine gute, schwere und gut ,ausger\u00fcstete\u2019 Stoffqualit\u00e4t, die heutzutage auch bei hellen Farben einen guten UV-Schutz bietet, was durch das Siegel ,UPF 50+\u2019 angezeigt wird (man kann unter einem solchen Schirm 50x l\u00e4nger sitzen, als es der Eigenschutz der Haut zulassen w\u00fcrde).<\/span><\/li>\n<li><span>Ein besonderer Vorteil ist es, wenn der Sonnenschirm an der h\u00f6chsten Stelle ,Abzugs\u00f6ffnungen\u2019 hat, durch die die W\u00e4rme entweichen kann.<\/span><\/li>\n<li><span>Hellere Farben mit bester Stoffqualit\u00e4t und G\u00fctesiegel w\u00e4hlen statt ein Preis-Schn\u00e4ppchen im Baumarkt. Reinwei\u00df ist dabei nicht so g\u00fcnstig, weil man auch geringste Schmutzpartikel sieht, kr\u00e4ftiges Gelb sollte man vermeiden, weil es Insekten zu stark anlockt.<\/span><\/li>\n<\/ul>\n<p>&nbsp;<\/p>\n<div class=\"et_pb_module et_pb_text et_pb_text_2  et_pb_text_align_left et_pb_bg_layout_light\">\n<div class=\"et_pb_text_inner\"><\/div>\n<\/div>\n<p>[\/et_pb_text][et_pb_text _builder_version=&#8220;4.9.4&#8243; _module_preset=&#8220;default&#8220;]<\/p>\n<h2><span style=\"color: #006317;\">K\u00fchlende Bepflanzung<\/span><\/h2>\n<p>[\/et_pb_text][et_pb_text _builder_version=&#8220;4.9.0&#8243; _module_preset=&#8220;default&#8220;]<\/p>\n<p>Und noch etwas: Ich pers\u00f6nlich bevorzuge als Standort f\u00fcr einen Sonnenschirm nach M\u00f6glichkeit einen ,Naturboden\u2019 wie auf unserem gro\u00dfen Foto ganz oben statt eines Steinbodens, weil sich dieser durch die Bepflanzung (Gras, Wiese, Bodendecker) wesentlich weniger aufheizt als ein Steinboden und daher quasi auch von unten k\u00fchlt \u2026<\/p>\n<p>&nbsp;<\/p>\n<div class=\"et_pb_module et_pb_text et_pb_text_2  et_pb_text_align_left et_pb_bg_layout_light\">\n<div class=\"et_pb_text_inner\"><\/div>\n<\/div>\n<p>[\/et_pb_text][\/et_pb_column][\/et_pb_row][\/et_pb_section]<\/p>\n","protected":false},"excerpt":{"rendered":"<p>,Hei\u00dfe\u2019 Diskussionen im wahrsten Sinn des Wortes gab es k\u00fcrzlich bei einem Gartenfest von Freunden \u00fcber den Modetrend, Sonnenschirme mit schwarzer Bespannung aufzustellen, weil diese wie ,Heizschwammerln\u2019 wirken und dazu beitragen, dass sich nicht nur der Garten, sondern auch unser Klima allgemein weiter ,aufheizt\u2019 \u2026\u00a0 Grunds\u00e4tzlich ist es ja so, dass alle schwarzen Fl\u00e4chen, auf [&hellip;]<\/p>\n","protected":false},"author":2,"featured_media":2318,"comment_status":"open","ping_status":"open","sticky":false,"template":"","format":"standard","meta":{"_et_pb_use_builder":"on","_et_pb_old_content":"","_et_gb_content_width":"","footnotes":""},"categories":[35,16,29,19],"tags":[],"class_list":["post-2317","post","type-post","status-publish","format-standard","has-post-thumbnail","hentry","category-aktuelles","category-allgemein","category-gartentipps","category-kuehlende-bepflanzung"],"_links":{"self":[{"href":"https:\/\/lebensgarten.at\/index.php?rest_route=\/wp\/v2\/posts\/2317"}],"collection":[{"href":"https:\/\/lebensgarten.at\/index.php?rest_route=\/wp\/v2\/posts"}],"about":[{"href":"https:\/\/lebensgarten.at\/index.php?rest_route=\/wp\/v2\/types\/post"}],"author":[{"embeddable":true,"href":"https:\/\/lebensgarten.at\/index.php?rest_route=\/wp\/v2\/users\/2"}],"replies":[{"embeddable":true,"href":"https:\/\/lebensgarten.at\/index.php?rest_route=%2Fwp%2Fv2%2Fcomments&post=2317"}],"version-history":[{"count":15,"href":"https:\/\/lebensgarten.at\/index.php?rest_route=\/wp\/v2\/posts\/2317\/revisions"}],"predecessor-version":[{"id":2346,"href":"https:\/\/lebensgarten.at\/index.php?rest_route=\/wp\/v2\/posts\/2317\/revisions\/2346"}],"wp:featuredmedia":[{"embeddable":true,"href":"https:\/\/lebensgarten.at\/index.php?rest_route=\/wp\/v2\/media\/2318"}],"wp:attachment":[{"href":"https:\/\/lebensgarten.at\/index.php?rest_route=%2Fwp%2Fv2%2Fmedia&parent=2317"}],"wp:term":[{"taxonomy":"category","embeddable":true,"href":"https:\/\/lebensgarten.at\/index.php?rest_route=%2Fwp%2Fv2%2Fcategories&post=2317"},{"taxonomy":"post_tag","embeddable":true,"href":"https:\/\/lebensgarten.at\/index.php?rest_route=%2Fwp%2Fv2%2Ftags&post=2317"}],"curies":[{"name":"wp","href":"https:\/\/api.w.org\/{rel}","templated":true}]}}