{"id":2297,"date":"2021-07-02T11:05:11","date_gmt":"2021-07-02T11:05:11","guid":{"rendered":"https:\/\/lebensgarten.at\/?p=2297"},"modified":"2021-07-02T11:09:08","modified_gmt":"2021-07-02T11:09:08","slug":"frisches-gruen-fuer-den-eistee","status":"publish","type":"post","link":"https:\/\/lebensgarten.at\/?p=2297","title":{"rendered":"Frisches Gr\u00fcn f\u00fcr den Eistee"},"content":{"rendered":"<p>[et_pb_section fb_built=&#8220;1&#8243; _builder_version=&#8220;4.9.7&#8243; _module_preset=&#8220;default&#8220;][et_pb_row _builder_version=&#8220;4.9.7&#8243; _module_preset=&#8220;default&#8220;][et_pb_column type=&#8220;4_4&#8243; _builder_version=&#8220;4.9.7&#8243; _module_preset=&#8220;default&#8220;][et_pb_text _builder_version=&#8220;4.9.7&#8243; _module_preset=&#8220;default&#8220; inline_fonts=&#8220;ABeeZee&#8220;]<\/p>\n<p>Dieses Fest hatte Tradition: Am ersten Wochenende der Sommerferien wurde im Garten meiner Freundin gefeiert. Die Eltern grillten und meine Freundin und ich mixten k\u00f6stlich-k\u00fchle Eistees &#8230;<\/p>\n<p>Von Jahr zu Jahr wurden wir mutiger bei der Auswahl der Zutaten und kreativer bei der Kombination. Und so lernte ich eines Tages die mir damals noch v\u00f6llig unbekannte Zitronenverbene kennen, die die Mutter meiner Freundin in einem Topf gezogen hatte.<\/p>\n<p>[\/et_pb_text][et_pb_text _builder_version=&#8220;4.9.7&#8243; _module_preset=&#8220;default&#8220; header_2_text_color=&#8220;#006317&#8243; hover_enabled=&#8220;0&#8243; sticky_enabled=&#8220;0&#8243;]<\/p>\n<h2>,Louisenkraut&#8216; aus S\u00fcdamerika<\/h2>\n<p>[\/et_pb_text][et_pb_text _builder_version=&#8220;4.9.7&#8243; _module_preset=&#8220;default&#8220;]<\/p>\n<p><strong>Zitronenverbene<\/strong> (Aloysia citrodora) &#8211; nach der Ehefrau des spanischen K\u00f6nigs Karl IV auch &#8218;Louisenkraut&#8216; genannt &#8211; stammt urspr\u00fcnglich aus S\u00fcdamerika und wurde Ende des 18. Jahrhunderts von spanischen Seefahrern nach Europa gebracht.<\/p>\n<p>&nbsp;<\/p>\n<p>[\/et_pb_text][\/et_pb_column][\/et_pb_row][et_pb_row _builder_version=&#8220;4.9.7&#8243; _module_preset=&#8220;default&#8220;][et_pb_column type=&#8220;4_4&#8243; _builder_version=&#8220;4.9.7&#8243; _module_preset=&#8220;default&#8220;][et_pb_image src=&#8220;https:\/\/lebensgarten.at\/wp-content\/uploads\/2021\/07\/Zitronenverbene_Aloysia-citrodora.png&#8220; _builder_version=&#8220;4.9.7&#8243; _module_preset=&#8220;default&#8220; custom_margin=&#8220;||8px|||&#8220; hover_enabled=&#8220;0&#8243; sticky_enabled=&#8220;0&#8243;][\/et_pb_image][et_pb_text _builder_version=&#8220;4.9.7&#8243; _module_preset=&#8220;default&#8220; max_width=&#8220;400px&#8220; hover_enabled=&#8220;0&#8243; sticky_enabled=&#8220;0&#8243;]<\/p>\n<p><em>Zitronenverbene liebt die Sonne und W\u00e4rme und muss in unseren Breiten an einem frostgesch\u00fctzen Ort \u00fcberwintern.<br \/><\/em><\/p>\n<p>[\/et_pb_text][et_pb_text _builder_version=&#8220;4.9.7&#8243; _module_preset=&#8220;default&#8220; header_2_text_color=&#8220;#006317&#8243;]<\/p>\n<h2>Liebt die Sonne<\/h2>\n<p>[\/et_pb_text][et_pb_text _builder_version=&#8220;4.9.7&#8243; _module_preset=&#8220;default&#8220;]<\/p>\n<p>Zitronenverbene z\u00e4hlt zur Familie der Eisenkrautgew\u00e4chse, ist frostempfindlich und wird deshalb am besten in einem Topf (so kann man sie zum \u00dcberwintern in den Keller stellen) mit durchl\u00e4ssiger Erde kultiviert. Zitronenverbene liebt die Sonne und f\u00fchlt sich am wohlsten an einem warmen, gesch\u00fctzten Platz an der Hauswand.<\/p>\n<p>Die Bl\u00e4tter duften und schmecken &#8211; vor allem, wenn man sie zerreibt &#8211; intensiv nach Zitrone,<br \/>ihre Inhaltsstoffe sollen beruhigend wirken, aber gleichzeitig den Stoffwechsel anregen.<\/p>\n<p>[\/et_pb_text][et_pb_text _builder_version=&#8220;4.9.7&#8243; _module_preset=&#8220;default&#8220; header_2_text_color=&#8220;#006317&#8243; hover_enabled=&#8220;0&#8243; sticky_enabled=&#8220;0&#8243;]<\/p>\n<h2>Limoncello f\u00fcr den speziellen ,Kick&#8216;<\/h2>\n<p>[\/et_pb_text][et_pb_text _builder_version=&#8220;4.9.7&#8243; _module_preset=&#8220;default&#8220;]<\/p>\n<p>Angeregt waren wir durch das neue frische ,Gr\u00fcn&#8216; auch bei der Kreation unseres neuen Eistees, den wir so zubereiteten:<br \/>Wasser aufkochen und Schwarztee nur kurz darin ziehen lassen. Braunen Rohrzucker im Tee aufl\u00f6sen, einige Bl\u00e4tter Zitronenverbene, Zitronensaft, Zitronenscheiben und ein St\u00fcck Zitronenschale (unbehandelt) dazugeben und einige Stunden kalt stellen. Gut gek\u00fchlt mit Eisw\u00fcrfeln in Gl\u00e4ser f\u00fcllen.<br \/>Den speziellen ,Kick&#8216; bekam unser Eistee dann \u00fcbrigens noch durch einen heimlich beigef\u00fcgten kr\u00e4ftigen Schuss Limoncello &#8230;<\/p>\n<p>[\/et_pb_text][et_pb_text _builder_version=&#8220;4.9.7&#8243; _module_preset=&#8220;default&#8220; header_2_text_color=&#8220;#006317&#8243; hover_enabled=&#8220;0&#8243; sticky_enabled=&#8220;0&#8243;]<\/p>\n<h2>Zitronenmelisse f\u00fcr das Herz &#8230;<\/h2>\n<p>[\/et_pb_text][et_pb_text _builder_version=&#8220;4.9.7&#8243; _module_preset=&#8220;default&#8220;]<\/p>\n<p>Einer unserer ,Dauerbrenner&#8216; war Fr\u00fcchte-Eistee mit <strong>Zitronenmelisse<\/strong>, den wir jedes Jahr etwas abwandelten, aber Fixpunkt war dabei immer Melisse (Melissa officinalis).<br \/>Sie stammt urspr\u00fcnglich aus dem Orient und wurde seit dem Mittelalter vor allem wegen ihrer Heilkraft in allen Klosterg\u00e4rten angepflanzt. So galt sie als ,beste Pflanze f\u00fcr das Herz&#8216; und als nervenst\u00e4rkend.<\/p>\n<p>&nbsp;<\/p>\n<p>[\/et_pb_text][et_pb_image src=&#8220;https:\/\/lebensgarten.at\/wp-content\/uploads\/2021\/07\/zitronenmelisse-melissa-officinalis.png&#8220; _builder_version=&#8220;4.9.7&#8243; _module_preset=&#8220;default&#8220; custom_margin=&#8220;||8px|||&#8220; hover_enabled=&#8220;0&#8243; sticky_enabled=&#8220;0&#8243;][\/et_pb_image][et_pb_text _builder_version=&#8220;4.9.7&#8243; _module_preset=&#8220;default&#8220; max_width=&#8220;400px&#8220;]<\/p>\n<p><em>Zitronenmelisse ist winterhart und w\u00e4chst am besten an einem sonnigen Standort mit durchl\u00e4ssigem Boden. Ihre Bl\u00e4tter duften angenehm frisch nach Zitrone.<\/em><\/p>\n<p>[\/et_pb_text][\/et_pb_column][\/et_pb_row][\/et_pb_section][et_pb_section fb_built=&#8220;1&#8243; _builder_version=&#8220;4.9.7&#8243; _module_preset=&#8220;default&#8220;][et_pb_row _builder_version=&#8220;4.9.7&#8243; _module_preset=&#8220;default&#8220;][et_pb_column type=&#8220;4_4&#8243; _builder_version=&#8220;4.9.7&#8243; _module_preset=&#8220;default&#8220;][et_pb_text _builder_version=&#8220;4.9.7&#8243; _module_preset=&#8220;default&#8220; header_2_text_color=&#8220;#006317&#8243; hover_enabled=&#8220;0&#8243; sticky_enabled=&#8220;0&#8243;]<\/p>\n<h2>&#8230; und f\u00fcr den Tee<\/h2>\n<p>[\/et_pb_text][et_pb_text _builder_version=&#8220;4.9.7&#8243; _module_preset=&#8220;default&#8220;]<\/p>\n<p>Dieses spezielle Zitronenaroma liebe ich auch heute noch in einem selbst zubereiteten Eistee:<br \/>Daf\u00fcr Fr\u00fcchtetee (z.B. Beeren- oder Granatapfeltee) etwas s\u00fc\u00dfen, Zitronenmelisse und Zitronensaft dazugeben und kalt stellen.<\/p>\n<p>Wir haben den Tee damals zus\u00e4tzlich noch mit einigen frischen Fr\u00fcchten (z.B. Ananasst\u00fccken oder Melonenkugeln) ,aufgepeppt&#8216;.<br \/>Und ich kann mir auch vorstellen, dass ein Stamperl Cointreau oder Grand Marnier hervorragend dazu passt &#8230;<\/p>\n<p>&nbsp;<\/p>\n<p>&nbsp;<\/p>\n<p>[\/et_pb_text][\/et_pb_column][\/et_pb_row][\/et_pb_section]<\/p>\n","protected":false},"excerpt":{"rendered":"<p>Dieses Fest hatte Tradition: Am ersten Wochenende der Sommerferien wurde im Garten meiner Freundin gefeiert. Die Eltern grillten und meine Freundin und ich mixten k\u00f6stlich-k\u00fchle Eistees &#8230; Von Jahr zu Jahr wurden wir mutiger bei der Auswahl der Zutaten und kreativer bei der Kombination. Und so lernte ich eines Tages die mir damals noch v\u00f6llig [&hellip;]<\/p>\n","protected":false},"author":3,"featured_media":2298,"comment_status":"open","ping_status":"open","sticky":false,"template":"","format":"standard","meta":{"_et_pb_use_builder":"on","_et_pb_old_content":"","_et_gb_content_width":"","footnotes":""},"categories":[35,16,22],"tags":[],"class_list":["post-2297","post","type-post","status-publish","format-standard","has-post-thumbnail","hentry","category-aktuelles","category-allgemein","category-pflanzenwissen"],"_links":{"self":[{"href":"https:\/\/lebensgarten.at\/index.php?rest_route=\/wp\/v2\/posts\/2297"}],"collection":[{"href":"https:\/\/lebensgarten.at\/index.php?rest_route=\/wp\/v2\/posts"}],"about":[{"href":"https:\/\/lebensgarten.at\/index.php?rest_route=\/wp\/v2\/types\/post"}],"author":[{"embeddable":true,"href":"https:\/\/lebensgarten.at\/index.php?rest_route=\/wp\/v2\/users\/3"}],"replies":[{"embeddable":true,"href":"https:\/\/lebensgarten.at\/index.php?rest_route=%2Fwp%2Fv2%2Fcomments&post=2297"}],"version-history":[{"count":9,"href":"https:\/\/lebensgarten.at\/index.php?rest_route=\/wp\/v2\/posts\/2297\/revisions"}],"predecessor-version":[{"id":2316,"href":"https:\/\/lebensgarten.at\/index.php?rest_route=\/wp\/v2\/posts\/2297\/revisions\/2316"}],"wp:featuredmedia":[{"embeddable":true,"href":"https:\/\/lebensgarten.at\/index.php?rest_route=\/wp\/v2\/media\/2298"}],"wp:attachment":[{"href":"https:\/\/lebensgarten.at\/index.php?rest_route=%2Fwp%2Fv2%2Fmedia&parent=2297"}],"wp:term":[{"taxonomy":"category","embeddable":true,"href":"https:\/\/lebensgarten.at\/index.php?rest_route=%2Fwp%2Fv2%2Fcategories&post=2297"},{"taxonomy":"post_tag","embeddable":true,"href":"https:\/\/lebensgarten.at\/index.php?rest_route=%2Fwp%2Fv2%2Ftags&post=2297"}],"curies":[{"name":"wp","href":"https:\/\/api.w.org\/{rel}","templated":true}]}}