{"id":2165,"date":"2021-05-28T09:47:25","date_gmt":"2021-05-28T09:47:25","guid":{"rendered":"https:\/\/lebensgarten.at\/?p=2165"},"modified":"2021-05-28T14:49:24","modified_gmt":"2021-05-28T14:49:24","slug":"duftende-beetmauer-gegen-schnecken","status":"publish","type":"post","link":"https:\/\/lebensgarten.at\/?p=2165","title":{"rendered":"Duftende ,Beetmauer&#8216; gegen Schnecken"},"content":{"rendered":"<p>[et_pb_section fb_built=&#8220;1&#8243; _builder_version=&#8220;4.9.0&#8243; _module_preset=&#8220;default&#8220;][et_pb_row _builder_version=&#8220;4.9.4&#8243; _module_preset=&#8220;default&#8220;][et_pb_column type=&#8220;4_4&#8243; _builder_version=&#8220;4.9.4&#8243; _module_preset=&#8220;default&#8220;][et_pb_text _builder_version=&#8220;4.9.4&#8243; _module_preset=&#8220;default&#8220;]<\/p>\n<p><span>Meine Freundin Monika haben sie fast in den Wahnsinn getrieben: Schnecken! Sie kamen in Scharen und haben ihre liebevoll angelegten Blumen- und Gem\u00fcsebeete leergefressen.<\/span><\/p>\n<p><span>Monika hat versucht, mit bekannten Hausmitteln, wie Kaffeesud und Eierschalen, der Schneckenplage Herr zu werden. Der Erfolg war allerdings nur m\u00e4\u00dfig.<\/span><\/p>\n<p><span>Aber dann gab ihr eine alte B\u00e4uerin in der Steiermark den entscheidenden Rat.<\/span><\/p>\n<p><span>\u00a0<\/span><\/p>\n<h2><span style=\"color: #006317;\"><strong>Mediterrane Duftpflanzen<\/strong><\/span><\/h2>\n<p><span>Ganz im Gegensatz zu uns Menschen, m\u00f6gen Schnecken mediterrane Duftpflanzen und Kr\u00e4uter, wie Lavendel, Rosmarin und Thymian, gar nicht. <\/span><\/p>\n<p><span>\u00a0<\/span><\/p>\n<p>[\/et_pb_text][\/et_pb_column][\/et_pb_row][\/et_pb_section][et_pb_section fb_built=&#8220;1&#8243; _builder_version=&#8220;4.9.4&#8243; _module_preset=&#8220;default&#8220;][et_pb_row _builder_version=&#8220;4.9.4&#8243; _module_preset=&#8220;default&#8220;][et_pb_column type=&#8220;4_4&#8243; _builder_version=&#8220;4.9.4&#8243; _module_preset=&#8220;default&#8220;][et_pb_image src=&#8220;https:\/\/lebensgarten.at\/wp-content\/uploads\/2021\/05\/Thymian.png&#8220; _builder_version=&#8220;4.9.4&#8243; _module_preset=&#8220;default&#8220; custom_margin=&#8220;||10px|||&#8220;][\/et_pb_image][et_pb_text _builder_version=&#8220;4.9.4&#8243; _module_preset=&#8220;default&#8220; custom_padding=&#8220;0px|||||&#8220;]<\/p>\n<p><em>Thymian bl\u00fcht und duftet herrlich und hilft gegen<\/em><br \/><em>die Nacktschnecken-Invasion.<\/em><\/p>\n<p><em><\/em><\/p>\n<p>[\/et_pb_text][et_pb_text _builder_version=&#8220;4.9.4&#8243; _module_preset=&#8220;default&#8220; custom_margin=&#8220;-27px|||||&#8220;]<\/p>\n<p>Monika hat daraufhin Thymian und Rosmarin ringf\u00f6rmig als duftende ,Beetmauer&#8216; um ihren Salat und ihr Gem\u00fcse gepflanzt und &#8211; siehe da &#8211; die Schnecken pflegten pl\u00f6tzlich ein distanziertes Verh\u00e4ltnis zu ihren Pflanzen.<\/p>\n<h2><span style=\"font-family: inherit; font-weight: normal;\"><strong><span style=\"color: #006317;\">Hausmittel Minze<\/span><\/strong><\/span><\/h2>\n<p><span style=\"font-family: inherit;\">Da das Fr\u00fchjahr heuer besonders feucht und regnerisch ist &#8211; Wetterbedingungen, die Schnecken lieben &#8211; will Monika in den kommenden Wochen zus\u00e4tzlich noch ein altes Hausmittel gegen Schnecken erproben: Sie wird getrocknete Minzebl\u00e4tter rund um ihr Salatbeet streuen.<\/span><\/p>\n<p>[\/et_pb_text][\/et_pb_column][\/et_pb_row][\/et_pb_section][et_pb_section fb_built=&#8220;1&#8243; _builder_version=&#8220;4.9.4&#8243; _module_preset=&#8220;default&#8220;][et_pb_row _builder_version=&#8220;4.9.4&#8243; _module_preset=&#8220;default&#8220;][et_pb_column type=&#8220;4_4&#8243; _builder_version=&#8220;4.9.4&#8243; _module_preset=&#8220;default&#8220;][et_pb_image src=&#8220;https:\/\/lebensgarten.at\/wp-content\/uploads\/2021\/05\/Igel-im-Gras.png&#8220; _builder_version=&#8220;4.9.4&#8243; _module_preset=&#8220;default&#8220; custom_margin=&#8220;||11px|||&#8220;][\/et_pb_image][et_pb_text _builder_version=&#8220;4.9.4&#8243; _module_preset=&#8220;default&#8220; custom_padding=&#8220;0px|||||&#8220;]<\/p>\n<p><em><span>Nat\u00fcrliche ,Feinde&#8216; von Wegschnecken: Igel &#8230;<\/span><\/em><\/p>\n<p>[\/et_pb_text][et_pb_text _builder_version=&#8220;4.9.4&#8243; _module_preset=&#8220;default&#8220; custom_padding=&#8220;3px|||||&#8220;]<\/p>\n<h2><span style=\"color: #006317;\"><strong>Tierische ,Schneckenj\u00e4ger&#8216;<\/strong><\/span><\/h2>\n<p>Ich pers\u00f6nlich habe in meinem Garten zum Gl\u00fcck keine gro\u00dfe Schneckenplage. M\u00f6glicherweise deshalb, weil sich tierische ,Schneckenj\u00e4ger&#8216;, wie Igel und Spitzmaus, in meinem Garten mit kleinen Laubhaufen und etwas Totholz, in denen sie Unterschlupf finden, besonders wohl f\u00fchlen.<\/p>\n<p>[\/et_pb_text][\/et_pb_column][\/et_pb_row][\/et_pb_section][et_pb_section fb_built=&#8220;1&#8243; _builder_version=&#8220;4.9.4&#8243; _module_preset=&#8220;default&#8220;][et_pb_row _builder_version=&#8220;4.9.4&#8243; _module_preset=&#8220;default&#8220;][et_pb_column type=&#8220;4_4&#8243; _builder_version=&#8220;4.9.4&#8243; _module_preset=&#8220;default&#8220;][et_pb_image src=&#8220;https:\/\/lebensgarten.at\/wp-content\/uploads\/2021\/05\/Ringelblumen.png&#8220; _builder_version=&#8220;4.9.4&#8243; _module_preset=&#8220;default&#8220; custom_margin=&#8220;||11px|||&#8220; hover_enabled=&#8220;0&#8243; sticky_enabled=&#8220;0&#8243;][\/et_pb_image][et_pb_text _builder_version=&#8220;4.9.4&#8243; _module_preset=&#8220;default&#8220; custom_padding=&#8220;0px|||||&#8220; hover_enabled=&#8220;0&#8243; sticky_enabled=&#8220;0&#8243;]<\/p>\n<p><em><span>&#8230; und vielleicht auch duftende Ringelblumen.<\/span><\/em><\/p>\n<p>[\/et_pb_text][\/et_pb_column][\/et_pb_row][et_pb_row _builder_version=&#8220;4.9.4&#8243; _module_preset=&#8220;default&#8220;][et_pb_column type=&#8220;4_4&#8243; _builder_version=&#8220;4.9.4&#8243; _module_preset=&#8220;default&#8220;][et_pb_text _builder_version=&#8220;4.9.4&#8243; _module_preset=&#8220;default&#8220; custom_padding=&#8220;3px|||||&#8220;]<\/p>\n<p>Vielleicht h\u00e4ngt es aber auch ein wenig damit zusammen, dass ich jedes Jahr Ringelblumen auss\u00e4e, weil mir die herrlich orangen Bl\u00fcten so gut gefallen, an denen sich auch die Bienen erfreuen und deren Duft angeblich die Schnecken meiden &#8230;<\/p>\n<p>Au\u00dferdem gie\u00dfe ich nicht abends, sondern in den Morgenstunden. So trocknet die Oberfl\u00e4che des Rasens und der Beete tags\u00fcber ab. Machen sich die Schnecken in der Abendd\u00e4mmerung dann auf den Weg, wird ihnen die Fortbewegeng durch den trockenen Boden erschwert.<\/p>\n<p>Mittlerweile kann Monika schon fast wieder lachen, wenn sie an die Schneckenplage der vergangenen Jahre denkt, als sie diese schleimigen Qu\u00e4lgeister bis in ihre Tr\u00e4ume verfolgt haben. <\/p>\n<p>[\/et_pb_text][et_pb_text _builder_version=&#8220;4.9.4&#8243; _module_preset=&#8220;default&#8220; custom_padding=&#8220;55px|||||&#8220;][\/et_pb_text][\/et_pb_column][\/et_pb_row][\/et_pb_section]<\/p>\n","protected":false},"excerpt":{"rendered":"<p>Meine Freundin Monika haben sie fast in den Wahnsinn getrieben: Schnecken! Sie kamen in Scharen und haben ihre liebevoll angelegten Blumen- und Gem\u00fcsebeete leergefressen. Monika hat versucht, mit bekannten Hausmitteln, wie Kaffeesud und Eierschalen, der Schneckenplage Herr zu werden. Der Erfolg war allerdings nur m\u00e4\u00dfig. Aber dann gab ihr eine alte B\u00e4uerin in der Steiermark [&hellip;]<\/p>\n","protected":false},"author":3,"featured_media":2166,"comment_status":"open","ping_status":"open","sticky":false,"template":"","format":"standard","meta":{"_et_pb_use_builder":"on","_et_pb_old_content":"","_et_gb_content_width":"","footnotes":""},"categories":[35,16,11,29],"tags":[],"class_list":["post-2165","post","type-post","status-publish","format-standard","has-post-thumbnail","hentry","category-aktuelles","category-allgemein","category-duftgarten","category-gartentipps"],"_links":{"self":[{"href":"https:\/\/lebensgarten.at\/index.php?rest_route=\/wp\/v2\/posts\/2165"}],"collection":[{"href":"https:\/\/lebensgarten.at\/index.php?rest_route=\/wp\/v2\/posts"}],"about":[{"href":"https:\/\/lebensgarten.at\/index.php?rest_route=\/wp\/v2\/types\/post"}],"author":[{"embeddable":true,"href":"https:\/\/lebensgarten.at\/index.php?rest_route=\/wp\/v2\/users\/3"}],"replies":[{"embeddable":true,"href":"https:\/\/lebensgarten.at\/index.php?rest_route=%2Fwp%2Fv2%2Fcomments&post=2165"}],"version-history":[{"count":7,"href":"https:\/\/lebensgarten.at\/index.php?rest_route=\/wp\/v2\/posts\/2165\/revisions"}],"predecessor-version":[{"id":2218,"href":"https:\/\/lebensgarten.at\/index.php?rest_route=\/wp\/v2\/posts\/2165\/revisions\/2218"}],"wp:featuredmedia":[{"embeddable":true,"href":"https:\/\/lebensgarten.at\/index.php?rest_route=\/wp\/v2\/media\/2166"}],"wp:attachment":[{"href":"https:\/\/lebensgarten.at\/index.php?rest_route=%2Fwp%2Fv2%2Fmedia&parent=2165"}],"wp:term":[{"taxonomy":"category","embeddable":true,"href":"https:\/\/lebensgarten.at\/index.php?rest_route=%2Fwp%2Fv2%2Fcategories&post=2165"},{"taxonomy":"post_tag","embeddable":true,"href":"https:\/\/lebensgarten.at\/index.php?rest_route=%2Fwp%2Fv2%2Ftags&post=2165"}],"curies":[{"name":"wp","href":"https:\/\/api.w.org\/{rel}","templated":true}]}}