{"id":1414,"date":"2021-03-09T16:37:42","date_gmt":"2021-03-09T16:37:42","guid":{"rendered":"https:\/\/lebensgarten.at\/?p=1414"},"modified":"2021-03-11T10:23:53","modified_gmt":"2021-03-11T10:23:53","slug":"kamille-roemisch","status":"publish","type":"post","link":"https:\/\/lebensgarten.at\/?p=1414","title":{"rendered":"Kamille, r\u00f6misch"},"content":{"rendered":"\n\n[et_pb_section fb_built=&#8220;1&#8243; _builder_version=&#8220;4.9.0&#8243; _module_preset=&#8220;default&#8220;][et_pb_row _builder_version=&#8220;4.9.0&#8243; _module_preset=&#8220;default&#8220;][et_pb_column type=&#8220;4_4&#8243; _builder_version=&#8220;4.9.0&#8243; _module_preset=&#8220;default&#8220;][et_pb_text _builder_version=&#8220;4.9.0&#8243; _module_preset=&#8220;default&#8220;]<p><span style=\"font-size: 20px;\">Lateinischer Name: Chamaemelum nobile<\/span><\/p>\n<div class=\"et_pb_module et_pb_text et_pb_text_2  et_pb_text_align_left et_pb_bg_layout_light\">\n<div class=\"et_pb_text_inner\">\n<p>&nbsp;<\/p>\n<p>&nbsp;<\/p>\n<p>Die r\u00f6mische Kamille hat eine gro\u00dfe medizinische Tradition \u2013 bereits im alten \u00c4gypten wird von ihrem Gebrauch berichtet.<br \/>Die r\u00f6mische Kamille ist eine ausdauernde, winterharte Pflanze, die in der Sonne und im Halbschatten gut gedeiht und nur bis etwa 30 cm hoch wird, weshalb sie gerne als immergr\u00fcner trittfester Bodendecker gepflanzt wird. Sie bl\u00fcht von Juli bis Oktober wei\u00df.<\/p>\n<p>Sie wird oft auch ,Pflanzendoktor\u2018 genannt, weil sie kranke Pflanzen in ihrer Umgebung positiv st\u00e4rkend beeinflusst. Ihr Duft ist warm-fruchtig und man kann damit einen ,Duftrasen\u2018 anlegen. <br \/>Das \u00e4therische \u00d6l wird aus der ganzen Pflanze gewonnen, es wirkt entz\u00fcndungshemmend und beruhigend im Verdauungsbereich, au\u00dferdem hat es eine stark beruhigende psychische Wirkung.<\/p>\n<\/div>\n<\/div>[\/et_pb_text][\/et_pb_column][\/et_pb_row][\/et_pb_section]\n\n","protected":false},"excerpt":{"rendered":"<p>Lateinischer Name: Chamaemelum nobile &nbsp; &nbsp; Die r\u00f6mische Kamille hat eine gro\u00dfe medizinische Tradition \u2013 bereits im alten \u00c4gypten wird von ihrem Gebrauch berichtet.Die r\u00f6mische Kamille ist eine ausdauernde, winterharte Pflanze, die in der Sonne und im Halbschatten gut gedeiht und nur bis etwa 30 cm hoch wird, weshalb sie gerne als immergr\u00fcner trittfester Bodendecker [&hellip;]<\/p>\n","protected":false},"author":5,"featured_media":1076,"comment_status":"open","ping_status":"open","sticky":false,"template":"","format":"standard","meta":{"_et_pb_use_builder":"on","_et_pb_old_content":"","_et_gb_content_width":"","footnotes":""},"categories":[35,12,22],"tags":[],"class_list":["post-1414","post","type-post","status-publish","format-standard","has-post-thumbnail","hentry","category-aktuelles","category-duftpflanzen","category-pflanzenwissen"],"_links":{"self":[{"href":"https:\/\/lebensgarten.at\/index.php?rest_route=\/wp\/v2\/posts\/1414"}],"collection":[{"href":"https:\/\/lebensgarten.at\/index.php?rest_route=\/wp\/v2\/posts"}],"about":[{"href":"https:\/\/lebensgarten.at\/index.php?rest_route=\/wp\/v2\/types\/post"}],"author":[{"embeddable":true,"href":"https:\/\/lebensgarten.at\/index.php?rest_route=\/wp\/v2\/users\/5"}],"replies":[{"embeddable":true,"href":"https:\/\/lebensgarten.at\/index.php?rest_route=%2Fwp%2Fv2%2Fcomments&post=1414"}],"version-history":[{"count":3,"href":"https:\/\/lebensgarten.at\/index.php?rest_route=\/wp\/v2\/posts\/1414\/revisions"}],"predecessor-version":[{"id":1420,"href":"https:\/\/lebensgarten.at\/index.php?rest_route=\/wp\/v2\/posts\/1414\/revisions\/1420"}],"wp:featuredmedia":[{"embeddable":true,"href":"https:\/\/lebensgarten.at\/index.php?rest_route=\/wp\/v2\/media\/1076"}],"wp:attachment":[{"href":"https:\/\/lebensgarten.at\/index.php?rest_route=%2Fwp%2Fv2%2Fmedia&parent=1414"}],"wp:term":[{"taxonomy":"category","embeddable":true,"href":"https:\/\/lebensgarten.at\/index.php?rest_route=%2Fwp%2Fv2%2Fcategories&post=1414"},{"taxonomy":"post_tag","embeddable":true,"href":"https:\/\/lebensgarten.at\/index.php?rest_route=%2Fwp%2Fv2%2Ftags&post=1414"}],"curies":[{"name":"wp","href":"https:\/\/api.w.org\/{rel}","templated":true}]}}